{"id":274294,"date":"2026-02-04T13:14:31","date_gmt":"2026-02-04T11:14:31","guid":{"rendered":"https:\/\/visitinari.fi\/autumn-outdoors\/"},"modified":"2026-02-26T12:55:44","modified_gmt":"2026-02-26T10:55:44","slug":"syysretki","status":"publish","type":"post","link":"https:\/\/visitinari.fi\/fi\/syysretki\/","title":{"rendered":"Syysretki"},"content":{"rendered":"<ul>\n<li>\n<p>        <img decoding=\"async\" src=\"\/wp-content\/uploads\/2018\/08\/autumn-colors-visit-inari-3.jpg\" alt=\"\"><\/p>\n<h3>autumn-colors-visit-inari-3<\/h3>\n<\/li>\n<li>\n<p>        <img decoding=\"async\" src=\"\/wp-content\/uploads\/2019\/05\/autumn-hiker-e1560413133854.jpg\" alt=\"\"><\/p>\n<h3>Autumn hiker<\/h3>\n<\/li>\n<li>\n<p>        <img decoding=\"async\" src=\"\/wp-content\/uploads\/2024\/05\/autumn-bilberry.jpg\" alt=\"\"><\/p>\n<h3>autumn-bilberry<\/h3>\n<\/li>\n<\/ul>\n<div>\n<p><span>Koe Inarin l\u00e4hivaellusmaastoja oppaamme johtamana. Reitti on suhteellisen helppokulkuinen ja sen aikana on mahdollista keskustella ymp\u00e4r\u00f6iv\u00e4st\u00e4 luonnosta.<\/span><\/p>\n<p><span>Elo- ja syyskuussa on mahdollista ker\u00e4t\u00e4 marjoja ja\/tai sieni\u00e4 matkan varrelta. Retkiev\u00e4\u00e4t nautitaan leiritulen \u00e4\u00e4rell\u00e4 luonnon keskell\u00e4.<\/span><span><\/span><\/p>\n<\/div>\n<ul>\n<li>\n<h3>Saatavuus<\/h3>\n<div>\n<p><span>1.9.-30.10.<\/span><\/p>\n<\/div>\n<\/li>\n<li>\n<h3>L\u00e4ht\u00f6<\/h3>\n<div>\n<p><span>Ma, ke ja pe klo 10:00\u00a0<\/span><\/p>\n<\/div>\n<\/li>\n<li>\n<h3>Kesto<\/h3>\n<div>\n<p><span>2,5 tuntia<\/span><\/p>\n<\/div>\n<\/li>\n<li>\n<h3>hinta<\/h3>\n<div>\n<p><span>75\u20ac \/ hl\u00f6<\/span><\/p>\n<\/div>\n<\/li>\n<li>\n<h3>Hinta sis\u00e4lt\u00e4\u00e4<\/h3>\n<div>\n<p><span>L\u00e4mpim\u00e4n juoman ja retkiev\u00e4\u00e4n nuotiolla<\/span><\/p>\n<\/div>\n<\/li>\n<\/ul>\n<p><p>\n        <a href=\"https:\/\/fareharbor.com\/embeds\/book\/visitinari\/items\/571249\/?full-items=yes&#038;back=https:\/\/visitinari.fi\/touch-of-snowmobiling\/&#038;flow=1241773&#038;g4=yes&#038;lang=fi\">Varaa<\/a>\n    <\/p>\n<\/p>\n<p><!--more--><br \/>\n<!-- {\"type\":\"layout\",\"children\":[{\"name\":\"Hero\",\"type\":\"section\",\"props\":{\"image_position\":\"center-center\",\"padding\":\"none\",\"padding_remove_bottom\":false,\"padding_remove_top\":true,\"style\":\"default\",\"title_breakpoint\":\"xl\",\"title_position\":\"top-left\",\"title_rotation\":\"left\",\"vertical_align\":\"\",\"width\":\"\"},\"children\":[{\"type\":\"row\",\"children\":[{\"type\":\"column\",\"props\":{\"image_position\":\"center-center\",\"position_sticky_breakpoint\":\"m\",\"width_medium\":\"1-1\"},\"children\":[{\"type\":\"overlay-slider\",\"props\":{\"image_height\":\"733\",\"image_loading\":true,\"image_width\":\"1080\",\"link_style\":\"default\",\"link_text\":\"\",\"margin\":\"default\",\"meta_align\":\"below-title\",\"meta_element\":\"div\",\"meta_style\":\"text-meta\",\"nav\":\"\",\"nav_align\":\"center\",\"nav_below\":true,\"nav_breakpoint\":\"s\",\"nav_position\":\"bottom-center\",\"nav_position_margin\":\"medium\",\"overlay_link\":true,\"overlay_mode\":\"cover\",\"overlay_position\":\"center\",\"overlay_transition\":\"fade\",\"show_content\":true,\"show_hover_image\":true,\"show_hover_video\":true,\"show_link\":true,\"show_meta\":true,\"show_title\":false,\"slidenav\":\"default\",\"slidenav_breakpoint\":\"s\",\"slidenav_hover\":false,\"slidenav_margin\":\"medium\",\"slidenav_outside_breakpoint\":\"xl\",\"slider_autoplay\":false,\"slider_autoplay_pause\":true,\"slider_center\":false,\"slider_divider\":false,\"slider_gap\":\"\",\"slider_sets\":true,\"slider_width\":\"fixed\",\"slider_width_default\":\"1-1\",\"slider_width_medium\":\"1-3\",\"slider_width_small\":\"3-5\",\"text_align\":\"center\",\"title_element\":\"h3\",\"title_hover_style\":\"reset\"},\"children\":[{\"type\":\"overlay-slider_item\",\"props\":{\"image\":\"wp-content\\\/uploads\\\/2018\\\/08\\\/autumn-colors-visit-inari-3.jpg\",\"title\":\"autumn-colors-visit-inari-3\"}},{\"type\":\"overlay-slider_item\",\"props\":{\"image\":\"wp-content\\\/uploads\\\/2019\\\/05\\\/autumn-hiker-e1560413133854.jpg\",\"title\":\"Autumn hiker\"}},{\"type\":\"overlay-slider_item\",\"props\":{\"image\":\"wp-content\\\/uploads\\\/2024\\\/05\\\/autumn-bilberry.jpg\",\"title\":\"autumn-bilberry\"}}]}]}]}]},{\"type\":\"section\",\"props\":{\"image_position\":\"center-center\",\"padding\":\"none\",\"style\":\"default\",\"title_breakpoint\":\"xl\",\"title_position\":\"top-left\",\"title_rotation\":\"left\",\"vertical_align\":\"\",\"width\":\"default\"},\"children\":[{\"type\":\"row\",\"props\":{\"margin\":\"remove-vertical\"},\"children\":[{\"type\":\"column\",\"props\":{\"image_position\":\"center-center\",\"position_sticky_breakpoint\":\"m\"},\"children\":[{\"type\":\"breadcrumbs\",\"props\":{\"margin\":\"remove-vertical\",\"show_current\":true,\"show_home\":true}}]}]}],\"name\":\"breadcrumbs section\"},{\"name\":\"Services\",\"type\":\"section\",\"props\":{\"css\":\"@media (max-width: 1600px)  {\\n    .el-section > * {\\n        background-size: 480px!important;\\n    }\\n}\",\"image_effect\":\"parallax\",\"image_loading\":true,\"image_parallax_easing\":\"1\",\"image_position\":\"top-right\",\"image_width\":\"600\",\"media_visibility\":\"l\",\"style\":\"default\",\"title_breakpoint\":\"xl\",\"title_position\":\"top-left\",\"title_rotation\":\"left\",\"vertical_align\":\"\",\"width\":\"xlarge\"},\"children\":[{\"type\":\"row\",\"props\":{\"margin\":\"xlarge\"},\"children\":[{\"type\":\"column\",\"props\":{\"image_position\":\"center-center\",\"position_sticky_breakpoint\":\"m\",\"width_medium\":\"1-1\"},\"children\":[{\"type\":\"headline\",\"props\":{\"text_align\":\"center\",\"title_element\":\"h1\",\"title_style\":\"heading-small\"},\"source\":{\"query\":{\"name\":\"posts.singlePost\"},\"props\":{\"content\":{\"filters\":{\"search\":\"\"},\"name\":\"title\"}}}},{\"type\":\"video\",\"props\":{\"margin\":\"default\",\"status\":\"disabled\",\"text_align\":\"center\",\"video\":\"https:\\\/\\\/www.youtube.com\\\/watch?v=kxbOY54G73o\",\"video_controls\":true,\"video_height\":\"450\",\"video_lazyload\":true,\"video_width\":\"800\"}},{\"type\":\"text\",\"props\":{\"block_align\":\"center\",\"column_breakpoint\":\"m\",\"content\":\"\n\n<p><span>Koe Inarin l\\u00e4hivaellusmaastoja oppaamme johtamana. Reitti on suhteellisen helppokulkuinen ja sen aikana on mahdollista keskustella ymp\\u00e4r\\u00f6iv\\u00e4st\\u00e4 luonnosta.<\\\/span><\\\/p>\\n\n\n<p><span>Elo- ja syyskuussa on mahdollista ker\\u00e4t\\u00e4 marjoja ja\\\/tai sieni\\u00e4 matkan varrelta. Retkiev\\u00e4\\u00e4t nautitaan leiritulen \\u00e4\\u00e4rell\\u00e4 luonnon keskell\\u00e4.<\\\/span><span><\\\/span><\\\/p>\",\"margin\":\"large\",\"margin_remove_bottom\":false,\"maxwidth\":\"xlarge\",\"text_align\":\"center\"}},{\"type\":\"description_list\",\"props\":{\"block_align\":\"center\",\"column_breakpoint\":\"m\",\"layout\":\"grid-2\",\"list_element\":\"ul\",\"list_style\":\"divider\",\"maxwidth\":\"large\",\"meta_align\":\"below-content\",\"meta_style\":\"text-meta\",\"show_content\":true,\"show_link\":true,\"show_meta\":true,\"show_title\":true,\"title_element\":\"div\",\"title_grid_breakpoint\":\"s\",\"title_grid_column_gap\":\"small\",\"title_grid_row_gap\":\"small\",\"title_grid_width\":\"small\",\"title_style\":\"h6\"},\"children\":[{\"type\":\"description_list_item\",\"props\":{\"content\":\"\n\n<p><span>1.9.-30.10.<\\\/span><\\\/p>\",\"title\":\"Saatavuus\"}},{\"type\":\"description_list_item\",\"props\":{\"content\":\"\n\n<p><span>Ma, ke ja pe klo 10:00\\u00a0<\\\/span><\\\/p>\",\"title\":\"L\\u00e4ht\\u00f6\"}},{\"type\":\"description_list_item\",\"props\":{\"content\":\"\n\n<p><span>2,5 tuntia<\\\/span><\\\/p>\",\"title\":\"Kesto\"}},{\"type\":\"description_list_item\",\"props\":{\"content\":\"\n\n<p><span>75\\u20ac \\\/ hl\\u00f6<\\\/span><\\\/p>\",\"title\":\"hinta\"}},{\"type\":\"description_list_item\",\"props\":{\"content\":\"\n\n<p><span>L\\u00e4mpim\\u00e4n juoman ja retkiev\\u00e4\\u00e4n nuotiolla<\\\/span><\\\/p>\",\"title\":\"Hinta sis\\u00e4lt\\u00e4\\u00e4\"}}]},{\"type\":\"button\",\"props\":{\"grid_column_gap\":\"small\",\"grid_row_gap\":\"small\",\"margin\":\"default\",\"text_align\":\"center\"},\"children\":[{\"type\":\"button_item\",\"props\":{\"button_style\":\"primary\",\"content\":\"Varaa\",\"dialog_layout\":\"modal\",\"dialog_offcanvas_flip\":true,\"icon_align\":\"left\",\"link\":\"https:\\\/\\\/fareharbor.com\\\/embeds\\\/book\\\/visitinari\\\/items\\\/571249\\\/?full-items=yes&back=https:\\\/\\\/visitinari.fi\\\/touch-of-snowmobiling\\\/&flow=1241773&g4=yes&lang=fi\"}}]}]}]}]}],\"version\":\"4.5.33\"} --><\/p>\n","protected":false},"excerpt":{"rendered":"<p>autumn-colors-visit-inari-3 Autumn hiker autumn-bilberry Koe Inarin l\u00e4hivaellusmaastoja oppaamme johtamana. Reitti on suhteellisen helppokulkuinen ja sen aikana on mahdollista keskustella ymp\u00e4r\u00f6iv\u00e4st\u00e4 luonnosta. Elo- ja syyskuussa on mahdollista ker\u00e4t\u00e4 marjoja ja\/tai sieni\u00e4 matkan varrelta. Retkiev\u00e4\u00e4t nautitaan leiritulen \u00e4\u00e4rell\u00e4 luonnon keskell\u00e4. Saatavuus 1.9.-30.10. L\u00e4ht\u00f6 Ma, ke ja pe klo 10:00\u00a0 Kesto 2,5 tuntia hinta 75\u20ac \/ hl\u00f6 Hinta [&hellip;]<\/p>\n","protected":false},"author":2,"featured_media":1591,"comment_status":"closed","ping_status":"closed","sticky":false,"template":"","format":"standard","meta":{"footnotes":""},"categories":[221],"tags":[],"class_list":["post-274294","post","type-post","status-publish","format-standard","has-post-thumbnail","hentry","category-vaellus"],"yoast_head":"<!-- This site is optimized with the Yoast SEO Premium plugin v27.3 (Yoast SEO v27.3) - https:\/\/yoast.com\/product\/yoast-seo-premium-wordpress\/ -->\n<title>Syysretki - Visit Inari, Suomen Lapissa<\/title>\n<meta name=\"robots\" content=\"index, follow, max-snippet:-1, max-image-preview:large, max-video-preview:-1\" \/>\n<link rel=\"canonical\" href=\"https:\/\/visitinari.fi\/fi\/syysretki\/\" \/>\n<meta property=\"og:locale\" content=\"fi_FI\" \/>\n<meta property=\"og:type\" content=\"article\" \/>\n<meta property=\"og:title\" content=\"Syysretki\" \/>\n<meta property=\"og:description\" content=\"autumn-colors-visit-inari-3 Autumn hiker autumn-bilberry Koe Inarin l\u00e4hivaellusmaastoja oppaamme johtamana. Reitti on suhteellisen helppokulkuinen ja sen aikana on mahdollista keskustella ymp\u00e4r\u00f6iv\u00e4st\u00e4 luonnosta. Elo- ja syyskuussa on mahdollista ker\u00e4t\u00e4 marjoja ja\/tai sieni\u00e4 matkan varrelta. Retkiev\u00e4\u00e4t nautitaan leiritulen \u00e4\u00e4rell\u00e4 luonnon keskell\u00e4. Saatavuus 1.9.-30.10. L\u00e4ht\u00f6 Ma, ke ja pe klo 10:00\u00a0 Kesto 2,5 tuntia hinta 75\u20ac \/ hl\u00f6 Hinta [&hellip;]\" \/>\n<meta property=\"og:url\" content=\"https:\/\/visitinari.fi\/fi\/syysretki\/\" \/>\n<meta property=\"og:site_name\" content=\"Visit Inari, Suomen Lapissa\" \/>\n<meta property=\"article:publisher\" content=\"https:\/\/www.facebook.com\/visitinarisafaris\/\" \/>\n<meta property=\"article:published_time\" content=\"2026-02-04T11:14:31+00:00\" \/>\n<meta property=\"article:modified_time\" content=\"2026-02-26T10:55:44+00:00\" \/>\n<meta property=\"og:image\" content=\"https:\/\/visitinari.fi\/wp-content\/uploads\/2018\/08\/autumn-colors-visit-inari-3.jpg\" \/>\n\t<meta property=\"og:image:width\" content=\"800\" \/>\n\t<meta property=\"og:image:height\" content=\"520\" \/>\n\t<meta property=\"og:image:type\" content=\"image\/jpeg\" \/>\n<meta name=\"author\" content=\"davas_saara\" \/>\n<meta name=\"twitter:card\" content=\"summary_large_image\" \/>\n<meta name=\"twitter:label1\" content=\"Kirjoittanut\" \/>\n\t<meta name=\"twitter:data1\" content=\"davas_saara\" \/>\n\t<meta name=\"twitter:label2\" content=\"Arvioitu lukuaika\" \/>\n\t<meta name=\"twitter:data2\" content=\"2 minuuttia\" \/>\n<script type=\"application\/ld+json\" class=\"yoast-schema-graph\">{\"@context\":\"https:\\\/\\\/schema.org\",\"@graph\":[{\"@type\":\"Article\",\"@id\":\"https:\\\/\\\/visitinari.fi\\\/fi\\\/syysretki\\\/#article\",\"isPartOf\":{\"@id\":\"https:\\\/\\\/visitinari.fi\\\/fi\\\/syysretki\\\/\"},\"author\":{\"name\":\"davas_saara\",\"@id\":\"https:\\\/\\\/visitinari.fi\\\/fi\\\/#\\\/schema\\\/person\\\/f89ccc8cf5ccf3c62b4f3dc2ae309ebd\"},\"headline\":\"Syysretki\",\"datePublished\":\"2026-02-04T11:14:31+00:00\",\"dateModified\":\"2026-02-26T10:55:44+00:00\",\"mainEntityOfPage\":{\"@id\":\"https:\\\/\\\/visitinari.fi\\\/fi\\\/syysretki\\\/\"},\"wordCount\":71,\"publisher\":{\"@id\":\"https:\\\/\\\/visitinari.fi\\\/fi\\\/#organization\"},\"image\":{\"@id\":\"https:\\\/\\\/visitinari.fi\\\/fi\\\/syysretki\\\/#primaryimage\"},\"thumbnailUrl\":\"https:\\\/\\\/visitinari.fi\\\/wp-content\\\/uploads\\\/2018\\\/08\\\/autumn-colors-visit-inari-3.jpg\",\"articleSection\":[\"Vaellus\"],\"inLanguage\":\"fi\"},{\"@type\":\"WebPage\",\"@id\":\"https:\\\/\\\/visitinari.fi\\\/fi\\\/syysretki\\\/\",\"url\":\"https:\\\/\\\/visitinari.fi\\\/fi\\\/syysretki\\\/\",\"name\":\"Syysretki - Visit Inari, Suomen Lapissa\",\"isPartOf\":{\"@id\":\"https:\\\/\\\/visitinari.fi\\\/fi\\\/#website\"},\"primaryImageOfPage\":{\"@id\":\"https:\\\/\\\/visitinari.fi\\\/fi\\\/syysretki\\\/#primaryimage\"},\"image\":{\"@id\":\"https:\\\/\\\/visitinari.fi\\\/fi\\\/syysretki\\\/#primaryimage\"},\"thumbnailUrl\":\"https:\\\/\\\/visitinari.fi\\\/wp-content\\\/uploads\\\/2018\\\/08\\\/autumn-colors-visit-inari-3.jpg\",\"datePublished\":\"2026-02-04T11:14:31+00:00\",\"dateModified\":\"2026-02-26T10:55:44+00:00\",\"breadcrumb\":{\"@id\":\"https:\\\/\\\/visitinari.fi\\\/fi\\\/syysretki\\\/#breadcrumb\"},\"inLanguage\":\"fi\",\"potentialAction\":[{\"@type\":\"ReadAction\",\"target\":[\"https:\\\/\\\/visitinari.fi\\\/fi\\\/syysretki\\\/\"]}]},{\"@type\":\"ImageObject\",\"inLanguage\":\"fi\",\"@id\":\"https:\\\/\\\/visitinari.fi\\\/fi\\\/syysretki\\\/#primaryimage\",\"url\":\"https:\\\/\\\/visitinari.fi\\\/wp-content\\\/uploads\\\/2018\\\/08\\\/autumn-colors-visit-inari-3.jpg\",\"contentUrl\":\"https:\\\/\\\/visitinari.fi\\\/wp-content\\\/uploads\\\/2018\\\/08\\\/autumn-colors-visit-inari-3.jpg\",\"width\":800,\"height\":520},{\"@type\":\"BreadcrumbList\",\"@id\":\"https:\\\/\\\/visitinari.fi\\\/fi\\\/syysretki\\\/#breadcrumb\",\"itemListElement\":[{\"@type\":\"ListItem\",\"position\":1,\"name\":\"Home\",\"item\":\"https:\\\/\\\/visitinari.fi\\\/fi\\\/\"},{\"@type\":\"ListItem\",\"position\":2,\"name\":\"Syysretki\"}]},{\"@type\":\"WebSite\",\"@id\":\"https:\\\/\\\/visitinari.fi\\\/fi\\\/#website\",\"url\":\"https:\\\/\\\/visitinari.fi\\\/fi\\\/\",\"name\":\"Visit Inari, Finland, Lapland\",\"description\":\"Safaris & Accommodation\",\"publisher\":{\"@id\":\"https:\\\/\\\/visitinari.fi\\\/fi\\\/#organization\"},\"potentialAction\":[{\"@type\":\"SearchAction\",\"target\":{\"@type\":\"EntryPoint\",\"urlTemplate\":\"https:\\\/\\\/visitinari.fi\\\/fi\\\/?s={search_term_string}\"},\"query-input\":{\"@type\":\"PropertyValueSpecification\",\"valueRequired\":true,\"valueName\":\"search_term_string\"}}],\"inLanguage\":\"fi\"},{\"@type\":[\"Organization\",\"Place\"],\"@id\":\"https:\\\/\\\/visitinari.fi\\\/fi\\\/#organization\",\"name\":\"Visit Inari - Accommodation & Safaris\",\"url\":\"https:\\\/\\\/visitinari.fi\\\/\",\"logo\":{\"@type\":\"ImageObject\",\"inLanguage\":\"fi\",\"@id\":\"https:\\\/\\\/visitinari.fi\\\/fi\\\/#\\\/schema\\\/logo\\\/image\\\/\",\"url\":\"https:\\\/\\\/visitinari.fi\\\/wp-content\\\/uploads\\\/2018\\\/06\\\/Visit-Inari-Safaris-Accommodation-COLOR.png\",\"contentUrl\":\"https:\\\/\\\/visitinari.fi\\\/wp-content\\\/uploads\\\/2018\\\/06\\\/Visit-Inari-Safaris-Accommodation-COLOR.png\",\"width\":1920,\"height\":1521,\"caption\":\"Visit Inari - Accommodation & Safaris\"},\"image\":{\"@id\":\"https:\\\/\\\/visitinari.fi\\\/fi\\\/#\\\/schema\\\/logo\\\/image\\\/\"},\"sameAs\":[\"https:\\\/\\\/www.facebook.com\\\/visitinarisafaris\\\/\",\"https:\\\/\\\/www.instagram.com\\\/\"],\"telephone\":[\"+358 40 179 6069\"],\"contactPoint\":{\"@type\":\"ContactPoint\",\"telephone\":\"+358 40 179 6069\",\"email\":\"sales@visitinari.fi\"},\"email\":\"sales@visitinari.fi\",\"vatID\":\"2702265-6\"},{\"@type\":\"Person\",\"@id\":\"https:\\\/\\\/visitinari.fi\\\/fi\\\/#\\\/schema\\\/person\\\/f89ccc8cf5ccf3c62b4f3dc2ae309ebd\",\"name\":\"davas_saara\",\"image\":{\"@type\":\"ImageObject\",\"inLanguage\":\"fi\",\"@id\":\"https:\\\/\\\/visitinari.fi\\\/wp-content\\\/litespeed\\\/avatar\\\/f849348f62390ab4d6a206dcd61f5771.jpg?ver=1777281919\",\"url\":\"https:\\\/\\\/visitinari.fi\\\/wp-content\\\/litespeed\\\/avatar\\\/f849348f62390ab4d6a206dcd61f5771.jpg?ver=1777281919\",\"contentUrl\":\"https:\\\/\\\/visitinari.fi\\\/wp-content\\\/litespeed\\\/avatar\\\/f849348f62390ab4d6a206dcd61f5771.jpg?ver=1777281919\",\"caption\":\"davas_saara\"}}]}<\/script>\n<!-- \/ Yoast SEO Premium plugin. -->","yoast_head_json":{"title":"Syysretki - Visit Inari, Suomen Lapissa","robots":{"index":"index","follow":"follow","max-snippet":"max-snippet:-1","max-image-preview":"max-image-preview:large","max-video-preview":"max-video-preview:-1"},"canonical":"https:\/\/visitinari.fi\/fi\/syysretki\/","og_locale":"fi_FI","og_type":"article","og_title":"Syysretki","og_description":"autumn-colors-visit-inari-3 Autumn hiker autumn-bilberry Koe Inarin l\u00e4hivaellusmaastoja oppaamme johtamana. Reitti on suhteellisen helppokulkuinen ja sen aikana on mahdollista keskustella ymp\u00e4r\u00f6iv\u00e4st\u00e4 luonnosta. Elo- ja syyskuussa on mahdollista ker\u00e4t\u00e4 marjoja ja\/tai sieni\u00e4 matkan varrelta. Retkiev\u00e4\u00e4t nautitaan leiritulen \u00e4\u00e4rell\u00e4 luonnon keskell\u00e4. Saatavuus 1.9.-30.10. L\u00e4ht\u00f6 Ma, ke ja pe klo 10:00\u00a0 Kesto 2,5 tuntia hinta 75\u20ac \/ hl\u00f6 Hinta [&hellip;]","og_url":"https:\/\/visitinari.fi\/fi\/syysretki\/","og_site_name":"Visit Inari, Suomen Lapissa","article_publisher":"https:\/\/www.facebook.com\/visitinarisafaris\/","article_published_time":"2026-02-04T11:14:31+00:00","article_modified_time":"2026-02-26T10:55:44+00:00","og_image":[{"width":800,"height":520,"url":"https:\/\/visitinari.fi\/wp-content\/uploads\/2018\/08\/autumn-colors-visit-inari-3.jpg","type":"image\/jpeg"}],"author":"davas_saara","twitter_card":"summary_large_image","twitter_misc":{"Kirjoittanut":"davas_saara","Arvioitu lukuaika":"2 minuuttia"},"schema":{"@context":"https:\/\/schema.org","@graph":[{"@type":"Article","@id":"https:\/\/visitinari.fi\/fi\/syysretki\/#article","isPartOf":{"@id":"https:\/\/visitinari.fi\/fi\/syysretki\/"},"author":{"name":"davas_saara","@id":"https:\/\/visitinari.fi\/fi\/#\/schema\/person\/f89ccc8cf5ccf3c62b4f3dc2ae309ebd"},"headline":"Syysretki","datePublished":"2026-02-04T11:14:31+00:00","dateModified":"2026-02-26T10:55:44+00:00","mainEntityOfPage":{"@id":"https:\/\/visitinari.fi\/fi\/syysretki\/"},"wordCount":71,"publisher":{"@id":"https:\/\/visitinari.fi\/fi\/#organization"},"image":{"@id":"https:\/\/visitinari.fi\/fi\/syysretki\/#primaryimage"},"thumbnailUrl":"https:\/\/visitinari.fi\/wp-content\/uploads\/2018\/08\/autumn-colors-visit-inari-3.jpg","articleSection":["Vaellus"],"inLanguage":"fi"},{"@type":"WebPage","@id":"https:\/\/visitinari.fi\/fi\/syysretki\/","url":"https:\/\/visitinari.fi\/fi\/syysretki\/","name":"Syysretki - Visit Inari, Suomen Lapissa","isPartOf":{"@id":"https:\/\/visitinari.fi\/fi\/#website"},"primaryImageOfPage":{"@id":"https:\/\/visitinari.fi\/fi\/syysretki\/#primaryimage"},"image":{"@id":"https:\/\/visitinari.fi\/fi\/syysretki\/#primaryimage"},"thumbnailUrl":"https:\/\/visitinari.fi\/wp-content\/uploads\/2018\/08\/autumn-colors-visit-inari-3.jpg","datePublished":"2026-02-04T11:14:31+00:00","dateModified":"2026-02-26T10:55:44+00:00","breadcrumb":{"@id":"https:\/\/visitinari.fi\/fi\/syysretki\/#breadcrumb"},"inLanguage":"fi","potentialAction":[{"@type":"ReadAction","target":["https:\/\/visitinari.fi\/fi\/syysretki\/"]}]},{"@type":"ImageObject","inLanguage":"fi","@id":"https:\/\/visitinari.fi\/fi\/syysretki\/#primaryimage","url":"https:\/\/visitinari.fi\/wp-content\/uploads\/2018\/08\/autumn-colors-visit-inari-3.jpg","contentUrl":"https:\/\/visitinari.fi\/wp-content\/uploads\/2018\/08\/autumn-colors-visit-inari-3.jpg","width":800,"height":520},{"@type":"BreadcrumbList","@id":"https:\/\/visitinari.fi\/fi\/syysretki\/#breadcrumb","itemListElement":[{"@type":"ListItem","position":1,"name":"Home","item":"https:\/\/visitinari.fi\/fi\/"},{"@type":"ListItem","position":2,"name":"Syysretki"}]},{"@type":"WebSite","@id":"https:\/\/visitinari.fi\/fi\/#website","url":"https:\/\/visitinari.fi\/fi\/","name":"Visit Inari, Finland, Lapland","description":"Safaris & Accommodation","publisher":{"@id":"https:\/\/visitinari.fi\/fi\/#organization"},"potentialAction":[{"@type":"SearchAction","target":{"@type":"EntryPoint","urlTemplate":"https:\/\/visitinari.fi\/fi\/?s={search_term_string}"},"query-input":{"@type":"PropertyValueSpecification","valueRequired":true,"valueName":"search_term_string"}}],"inLanguage":"fi"},{"@type":["Organization","Place"],"@id":"https:\/\/visitinari.fi\/fi\/#organization","name":"Visit Inari - Accommodation & Safaris","url":"https:\/\/visitinari.fi\/","logo":{"@type":"ImageObject","inLanguage":"fi","@id":"https:\/\/visitinari.fi\/fi\/#\/schema\/logo\/image\/","url":"https:\/\/visitinari.fi\/wp-content\/uploads\/2018\/06\/Visit-Inari-Safaris-Accommodation-COLOR.png","contentUrl":"https:\/\/visitinari.fi\/wp-content\/uploads\/2018\/06\/Visit-Inari-Safaris-Accommodation-COLOR.png","width":1920,"height":1521,"caption":"Visit Inari - Accommodation & Safaris"},"image":{"@id":"https:\/\/visitinari.fi\/fi\/#\/schema\/logo\/image\/"},"sameAs":["https:\/\/www.facebook.com\/visitinarisafaris\/","https:\/\/www.instagram.com\/"],"telephone":["+358 40 179 6069"],"contactPoint":{"@type":"ContactPoint","telephone":"+358 40 179 6069","email":"sales@visitinari.fi"},"email":"sales@visitinari.fi","vatID":"2702265-6"},{"@type":"Person","@id":"https:\/\/visitinari.fi\/fi\/#\/schema\/person\/f89ccc8cf5ccf3c62b4f3dc2ae309ebd","name":"davas_saara","image":{"@type":"ImageObject","inLanguage":"fi","@id":"https:\/\/visitinari.fi\/wp-content\/litespeed\/avatar\/f849348f62390ab4d6a206dcd61f5771.jpg?ver=1777281919","url":"https:\/\/visitinari.fi\/wp-content\/litespeed\/avatar\/f849348f62390ab4d6a206dcd61f5771.jpg?ver=1777281919","contentUrl":"https:\/\/visitinari.fi\/wp-content\/litespeed\/avatar\/f849348f62390ab4d6a206dcd61f5771.jpg?ver=1777281919","caption":"davas_saara"}}]}},"_links":{"self":[{"href":"https:\/\/visitinari.fi\/fi\/wp-json\/wp\/v2\/posts\/274294","targetHints":{"allow":["GET"]}}],"collection":[{"href":"https:\/\/visitinari.fi\/fi\/wp-json\/wp\/v2\/posts"}],"about":[{"href":"https:\/\/visitinari.fi\/fi\/wp-json\/wp\/v2\/types\/post"}],"author":[{"embeddable":true,"href":"https:\/\/visitinari.fi\/fi\/wp-json\/wp\/v2\/users\/2"}],"replies":[{"embeddable":true,"href":"https:\/\/visitinari.fi\/fi\/wp-json\/wp\/v2\/comments?post=274294"}],"version-history":[{"count":6,"href":"https:\/\/visitinari.fi\/fi\/wp-json\/wp\/v2\/posts\/274294\/revisions"}],"predecessor-version":[{"id":274300,"href":"https:\/\/visitinari.fi\/fi\/wp-json\/wp\/v2\/posts\/274294\/revisions\/274300"}],"wp:featuredmedia":[{"embeddable":true,"href":"https:\/\/visitinari.fi\/fi\/wp-json\/wp\/v2\/media\/1591"}],"wp:attachment":[{"href":"https:\/\/visitinari.fi\/fi\/wp-json\/wp\/v2\/media?parent=274294"}],"wp:term":[{"taxonomy":"category","embeddable":true,"href":"https:\/\/visitinari.fi\/fi\/wp-json\/wp\/v2\/categories?post=274294"},{"taxonomy":"post_tag","embeddable":true,"href":"https:\/\/visitinari.fi\/fi\/wp-json\/wp\/v2\/tags?post=274294"}],"curies":[{"name":"wp","href":"https:\/\/api.w.org\/{rel}","templated":true}]}}