{"id":269224,"date":"2024-05-14T12:20:00","date_gmt":"2024-05-14T09:20:00","guid":{"rendered":"https:\/\/visitinari.fi\/panorama-cabin\/"},"modified":"2026-01-29T10:59:52","modified_gmt":"2026-01-29T08:59:52","slug":"panoraamamokki","status":"publish","type":"post","link":"https:\/\/visitinari.fi\/fi\/panoraamamokki\/","title":{"rendered":"Panoraama&shy;m\u00f6kki"},"content":{"rendered":"<ul>\n<li>\n<p>        <img decoding=\"async\" src=\"\/wp-content\/uploads\/2024\/05\/panorama-cabin-view.jpg\" alt=\"Nainen istuu s\u00e4ngynreunalla katsoen ulos suurista p\u00e4\u00e4tyikkunoista.\"><\/p>\n<h3>panorama-cabin-view<\/h3>\n<\/li>\n<li>\n<p>        <img decoding=\"async\" src=\"\/wp-content\/uploads\/2024\/05\/panorama-cabin-table.jpg\" alt=\"Kaksi naista istuu puisen sein\u00e4n vieress\u00e4 olevan p\u00f6yd\u00e4n \u00e4\u00e4ress\u00e4 sy\u00f6m\u00e4ss\u00e4. \"><\/p>\n<h3>panorama-cabin-table<\/h3>\n<\/li>\n<li>\n<p>        <img decoding=\"async\" src=\"\/wp-content\/uploads\/2024\/05\/panorama-cabin-bed.jpg\" alt=\"Kaksi naista istuu s\u00e4ngyll\u00e4 katsellen kannettavaa tietokonetta. S\u00e4ngyn vierell\u00e4 pieni y\u00f6p\u00f6yt\u00e4 valaisimella.\"><\/p>\n<h3>panorama-cabin-bed<\/h3>\n<\/li>\n<li>\n<p>        <img decoding=\"async\" src=\"\/wp-content\/uploads\/2024\/05\/panorama-cabin-winter-outside2.jpg\" alt=\"Nelj\u00e4 panoraamam\u00f6kin p\u00e4\u00e4ty\u00e4 suurilla ikkunoilla vierekk\u00e4in lumisessa maisemassa.\"><\/p>\n<h3>panorama-cabin-winter-outside2<\/h3>\n<\/li>\n<li>\n<p>        <img decoding=\"async\" src=\"\/wp-content\/uploads\/2024\/05\/panorama-cabin-winter-outside.jpg\" alt=\"Kaksi panoraamam\u00f6kki\u00e4 ulko-oven puolelta lumisten m\u00e4nnyn oksien takaa kuvattuna.\"><\/p>\n<h3>panorama-cabin-winter-outside<\/h3>\n<\/li>\n<\/ul>\n<div>\n<p>Hirsiset Panoraamam\u00f6kit sijaitsevat vain noin 50 metrin p\u00e4\u00e4ss\u00e4 Inarij\u00e4rven rannasta. M\u00f6keist\u00e4 avautuvat upeat j\u00e4rvimaisemat, ja ne tarjoavat mukavat puitteet rentoon lomailuun.<\/p>\n<\/div>\n<div>\n<p>\n  <script type=\"text\/javascript\" src=\"https:\/\/open.upperbooking.com\/visitinarihotelinariholidayvillageinari\/Booking.js?locale=fi\"><\/script><br \/>\n  <a class=\"el-link uk-button uk-button-primary\" href=\"#book\" onclick=\"Booking.Open({RoomID:183266}); return false;\">Varaa majoitus<\/a>\n<\/p>\n<\/div>\n<h3>M\u00f6kkien varustelu<\/h3>\n<ul>\n<li>\n<p>        <img decoding=\"async\" src=\"\/wp-content\/uploads\/2024\/05\/people.svg\" alt=\"Ryhm\u00e4ikoni\"><\/p>\n<div>\n<p>2 + 1\u00a0<\/p>\n<\/div>\n<\/li>\n<li>\n<p>        <img decoding=\"async\" src=\"\/wp-content\/uploads\/2024\/04\/pohja.svg\" alt=\"Pohjapiirrosikoni\"><\/p>\n<div>\n<p>26 m\u00b2<\/p>\n<\/div>\n<\/li>\n<li>\n<p>        <img decoding=\"async\" src=\"\/wp-content\/uploads\/2024\/02\/parivuode-vihrea.svg\" alt=\"Paris\u00e4nkykuvake\"><\/p>\n<div>Kaksi s\u00e4nky\u00e4 yhdess\u00e4 tai erikseen (\u00e0 90cm)<\/div>\n<\/li>\n<li>\n<p>        <img decoding=\"async\" src=\"\/wp-content\/uploads\/2024\/02\/vuode-vihrea.svg\" alt=\"Yhden hengen s\u00e4nky -kuvake\"><\/p>\n<div>Lis\u00e4vuodepatja 1 lis\u00e4henkil\u00f6lle (76cm x 177cm)\n<\/div>\n<\/li>\n<li>\n<p>        <img decoding=\"async\" src=\"\/wp-content\/uploads\/2024\/05\/aircondition.svg\" alt=\"Ilmastointikuvake\"><\/p>\n<div>Ilmal\u00e4mp\u00f6pumppu<\/div>\n<\/li>\n<li>\n<p>        <img decoding=\"async\" src=\"\/wp-content\/uploads\/2024\/02\/suihkuvihrea.svg\" alt=\"Suihkukuvake\"><\/p>\n<div>Pieni kylpyhuone<\/div>\n<\/li>\n<li>\n<p>        <img decoding=\"async\" src=\"\/wp-content\/uploads\/2024\/02\/vedenkeitin-vihrea2.svg\" alt=\"Vedenkeitinkuvake\"><\/p>\n<div>Keitti\u00f6nurkkaus astioineen, j\u00e4\u00e4kaappi, mikro, vedenkeitin, kahvinkeitin, keittolevy<\/div>\n<\/li>\n<li>\n<p>        <img decoding=\"async\" src=\"\/wp-content\/uploads\/2024\/05\/dining-table.svg\" alt=\"Ruokap\u00f6yt\u00e4kuvake\"><\/p>\n<div>Pieni p\u00f6yt\u00e4 ja kaksi tuolia<\/div>\n<\/li>\n<li>\n<p>        <img decoding=\"async\" src=\"\/wp-content\/uploads\/2024\/02\/hiustenkuivaaja-vihrea2.svg\" alt=\"Hiustenkuivaajakuvake\"><\/p>\n<div>Hiustenkuivaaja<\/div>\n<\/li>\n<li>\n<p>        <img decoding=\"async\" src=\"\/wp-content\/uploads\/2024\/02\/tv-vihrea.svg\" alt=\"TV-kuvake\"><\/p>\n<div>Televisio<\/div>\n<\/li>\n<li>\n<p>        <img decoding=\"async\" src=\"\/wp-content\/uploads\/2024\/02\/pyyhe-vihrea.svg\" alt=\"Pyyhekuvake\"><\/p>\n<div>Liinavaatteet ja pyyhkeet<\/div>\n<\/li>\n<li>\n<p>        <img decoding=\"async\" src=\"\/wp-content\/uploads\/2024\/02\/nonsmoking-vihrea.svg\" alt=\"Ei tupakointia -kuvake\"><\/p>\n<div>Kaikki m\u00f6kit ovat savuttomia<\/div>\n<\/li>\n<li>\n<p>        <img decoding=\"async\" src=\"\/wp-content\/uploads\/2024\/06\/pets.svg\" alt=\"Lemmikkiyst\u00e4v\u00e4llisyys-kuvake\"><\/p>\n<div>Kaksi m\u00f6kki\u00e4 on lemmikkiyst\u00e4v\u00e4llisi\u00e4 &#8211; tarkistathan saatavuuden erikseen<\/div>\n<\/li>\n<\/ul>\n<h3>Hinnat<\/h3>\n<div>\n<p><strong>1.12.2025 &#8211; 3.4.2026\u00a0<\/strong><\/p>\n<p>315\u20ac\/vrk 1-2 henkil\u00f6\u00e4<\/p>\n<p>Lis\u00e4vuode 46\u20ac\/vrk\/hl\u00f6 (max 1 hl\u00f6)<\/p>\n<p><strong>4.4.2026 &#8211; 30.11.2026<\/strong><\/p>\n<p>150\u20ac\/vrk 1-2 henkil\u00f6\u00e4<\/p>\n<p>Lis\u00e4vuode 46\u20ac\/vrk\/hl\u00f6 (max 1 hl\u00f6)<\/p>\n<p><strong>1.12.2026 &#8211; 31.3.2027\u00a0<\/strong><\/p>\n<p>326\u20ac\/vrk 1-2 henkil\u00f6\u00e4<\/p>\n<p>Lis\u00e4vuode 48\u20ac\/vrk\/hl\u00f6 (max 1 hl\u00f6)<\/p>\n<p><strong>1.4.2027 &#8211; 30.11.2027<\/strong><\/p>\n<p>150\u20ac\/vrk 1-2 henkil\u00f6\u00e4<\/p>\n<p>Lis\u00e4vuode 46\u20ac\/vrk\/hl\u00f6 (max 1 hl\u00f6)<\/p>\n<\/p>\n<hr \/>\n<p><strong>Aamiainen:<\/strong><\/p>\n<ul>\n<li>Aamiainen ei sis\u00e4lly hintaan. Lomakyl\u00e4 Inarissa majoittuvat voivat ostaa aamiaisen hintaan 10eur\/hl\u00f6.<\/li>\n<li>Aamiainen tarjoillaan Lomakyl\u00e4 Inarissa talvikaudella, ja Hotelli Inarissa (500m) kes\u00e4kaudella.<\/li>\n<\/ul>\n<p><strong>Minimiviipym\u00e4:<\/strong><\/p>\n<ul>\n<li>Minimi viipym\u00e4 3 y\u00f6t\u00e4 ajalla 22.12.2026\u201310.1.2027<\/li>\n<li>Minimi viipym\u00e4 2 y\u00f6t\u00e4 ajalla 11.1.2026\u201314.3.2027 sek\u00e4 tapahtumaviikonloppuisin<\/li>\n<\/ul>\n<p><strong>Tapahtumaviikonloput:<\/strong><span><\/span><br \/><span>\u2013\u00a0<a href=\"http:\/\/www.ijahisidja.fi\/\">Ijahis Idja\u00a0<\/a><\/span><br \/><span>\u2013\u00a0<a href=\"https:\/\/skabmagovat.fi\/\">Sk\u00e1bmagovat\u00a0<\/a><\/span><br \/><span>\u2013\u00a0<a href=\"https:\/\/porokilpailijat.fi\/\">Porokuninkuusajot\u00a0<\/a><\/span><\/p>\n<\/div>\n<hr>\n<h1>Lomakyl\u00e4 Inarin majoituskohteet<\/h1>\n<div>\n<\/div>\n<p><!--more--><br \/>\n<!-- {\"type\":\"layout\",\"children\":[{\"name\":\"Hero\",\"type\":\"section\",\"props\":{\"header_transparent\":true,\"header_transparent_noplaceholder\":true,\"header_transparent_text_color\":\"light\",\"height\":\"viewport\",\"height_offset_top\":true,\"height_viewport\":80,\"image\":\"wp-content\\\/uploads\\\/2024\\\/11\\\/IMG_3296.jpg\",\"image_loading\":true,\"image_position\":\"center-center\",\"image_size\":\"cover\",\"image_width\":\"2560\",\"overlap\":true,\"padding\":\"large\",\"style\":\"secondary\",\"title_breakpoint\":\"xl\",\"title_position\":\"top-left\",\"title_rotation\":\"left\",\"vertical_align\":\"bottom\",\"width\":\"large\"},\"children\":[{\"type\":\"row\",\"children\":[{\"type\":\"column\",\"props\":{\"image_position\":\"center-center\",\"position_sticky_breakpoint\":\"m\",\"width_medium\":\"1-1\"},\"children\":[{\"type\":\"headline\",\"props\":{\"animation\":\"parallax\",\"margin_remove_bottom\":true,\"parallax_breakpoint\":\"m\",\"parallax_easing\":\"0.8\",\"parallax_end\":\"5vh + 5%\",\"parallax_opacity\":\"1,0\",\"parallax_y\":\"0,60\",\"title_element\":\"div\",\"title_style\":\"h3\"},\"source\":{\"query\":{\"name\":\"categories.customCategory\",\"arguments\":{\"id\":215}},\"props\":{\"content\":{\"filters\":{\"search\":\"\"},\"name\":\"name\"}}}},{\"type\":\"headline\",\"props\":{\"animation\":\"parallax\",\"margin_remove_top\":true,\"parallax_breakpoint\":\"m\",\"parallax_easing\":\"0.8\",\"parallax_end\":\"5vh + 5%\",\"parallax_opacity\":\"1,0\",\"parallax_y\":\"0,60\",\"title_element\":\"h1\",\"title_style\":\"heading-medium\"},\"source\":{\"query\":{\"name\":\"posts.singlePost\"},\"props\":{\"content\":{\"filters\":{\"search\":\"\"},\"name\":\"title\"}}}}]}]}]},{\"type\":\"section\",\"props\":{\"image_position\":\"center-center\",\"padding\":\"xsmall\",\"style\":\"default\",\"title_breakpoint\":\"xl\",\"title_position\":\"top-left\",\"title_rotation\":\"left\",\"vertical_align\":\"\",\"width\":\"expand\"},\"children\":[{\"type\":\"row\",\"children\":[{\"type\":\"column\",\"props\":{\"image_position\":\"center-center\",\"position_sticky_breakpoint\":\"m\"},\"children\":[{\"type\":\"gallery\",\"props\":{\"filter_align\":\"left\",\"filter_all\":true,\"filter_grid_breakpoint\":\"m\",\"filter_grid_width\":\"auto\",\"filter_position\":\"top\",\"filter_style\":\"tab\",\"grid_column_gap\":\"small\",\"grid_default\":\"1\",\"grid_medium\":\"5\",\"grid_row_gap\":\"small\",\"grid_small\":\"5\",\"image_border\":\"rounded\",\"image_height\":\"533\",\"image_loading\":true,\"image_transition\":\"scale-up\",\"image_width\":\"800\",\"item_animation\":true,\"lightbox\":true,\"lightbox_bg_close\":true,\"link_style\":\"default\",\"link_text\":\"\",\"margin\":\"default\",\"meta_align\":\"below-title\",\"meta_element\":\"div\",\"meta_style\":\"text-meta\",\"overlay_hover\":false,\"overlay_link\":true,\"overlay_mode\":\"cover\",\"overlay_position\":\"center\",\"overlay_style\":\"\",\"overlay_transition\":\"fade\",\"show_content\":true,\"show_hover_image\":true,\"show_hover_video\":true,\"show_link\":true,\"show_meta\":true,\"show_title\":false,\"text_align\":\"center\",\"text_color\":\"light\",\"title_element\":\"h3\",\"title_hover_style\":\"reset\"},\"children\":[{\"type\":\"gallery_item\",\"props\":{\"image\":\"wp-content\\\/uploads\\\/2024\\\/05\\\/panorama-cabin-view.jpg\",\"image_alt\":\"Nainen istuu s\\u00e4ngynreunalla katsoen ulos suurista p\\u00e4\\u00e4tyikkunoista.\",\"title\":\"panorama-cabin-view\"}},{\"type\":\"gallery_item\",\"props\":{\"image\":\"wp-content\\\/uploads\\\/2024\\\/05\\\/panorama-cabin-table.jpg\",\"image_alt\":\"Kaksi naista istuu puisen sein\\u00e4n vieress\\u00e4 olevan p\\u00f6yd\\u00e4n \\u00e4\\u00e4ress\\u00e4 sy\\u00f6m\\u00e4ss\\u00e4. \",\"title\":\"panorama-cabin-table\"}},{\"type\":\"gallery_item\",\"props\":{\"image\":\"wp-content\\\/uploads\\\/2024\\\/05\\\/panorama-cabin-bed.jpg\",\"image_alt\":\"Kaksi naista istuu s\\u00e4ngyll\\u00e4 katsellen kannettavaa tietokonetta. S\\u00e4ngyn vierell\\u00e4 pieni y\\u00f6p\\u00f6yt\\u00e4 valaisimella.\",\"title\":\"panorama-cabin-bed\"}},{\"type\":\"gallery_item\",\"props\":{\"image\":\"wp-content\\\/uploads\\\/2024\\\/05\\\/panorama-cabin-winter-outside2.jpg\",\"image_alt\":\"Nelj\\u00e4 panoraamam\\u00f6kin p\\u00e4\\u00e4ty\\u00e4 suurilla ikkunoilla vierekk\\u00e4in lumisessa maisemassa.\",\"title\":\"panorama-cabin-winter-outside2\"}},{\"type\":\"gallery_item\",\"props\":{\"image\":\"wp-content\\\/uploads\\\/2024\\\/05\\\/panorama-cabin-winter-outside.jpg\",\"image_alt\":\"Kaksi panoraamam\\u00f6kki\\u00e4 ulko-oven puolelta lumisten m\\u00e4nnyn oksien takaa kuvattuna.\",\"title\":\"panorama-cabin-winter-outside\"}}]}]}]}]},{\"type\":\"section\",\"props\":{\"image_position\":\"center-center\",\"padding\":\"none\",\"style\":\"default\",\"title_breakpoint\":\"xl\",\"title_position\":\"top-left\",\"title_rotation\":\"left\",\"vertical_align\":\"\",\"width\":\"default\"},\"children\":[{\"type\":\"row\",\"props\":{\"margin\":\"remove-vertical\"},\"children\":[{\"type\":\"column\",\"props\":{\"image_position\":\"center-center\",\"position_sticky_breakpoint\":\"m\"},\"children\":[{\"type\":\"breadcrumbs\",\"props\":{\"margin\":\"remove-vertical\",\"show_current\":true,\"show_home\":true}}]}]}],\"name\":\"breadcrumbs section\"},{\"type\":\"section\",\"props\":{\"image_position\":\"center-center\",\"style\":\"default\",\"title_breakpoint\":\"xl\",\"title_position\":\"top-left\",\"title_rotation\":\"left\",\"vertical_align\":\"\",\"width\":\"default\"},\"children\":[{\"type\":\"row\",\"children\":[{\"type\":\"column\",\"props\":{\"image_position\":\"center-center\",\"position_sticky_breakpoint\":\"m\"},\"children\":[{\"type\":\"text\",\"props\":{\"block_align\":\"center\",\"column_breakpoint\":\"m\",\"content\":\"\n\n<p>Hirsiset Panoraamam\\u00f6kit sijaitsevat vain noin 50 metrin p\\u00e4\\u00e4ss\\u00e4 Inarij\\u00e4rven rannasta. M\\u00f6keist\\u00e4 avautuvat upeat j\\u00e4rvimaisemat, ja ne tarjoavat mukavat puitteet rentoon lomailuun.<\\\/p>\",\"margin\":\"default\",\"maxwidth\":\"2xlarge\",\"text_align\":\"center\",\"text_style\":\"lead\"}},{\"type\":\"text\",\"props\":{\"column_breakpoint\":\"m\",\"content\":\"\\n\\n\n\n<p>\\n  <script type=\\\"text\\\/javascript\\\" src=\\\"https:\\\/\\\/open.upperbooking.com\\\/visitinarihotelinariholidayvillageinari\\\/Booking.js?locale=fi\\\"><\\\/script> \\n  <a class=\\\"el-link uk-button uk-button-primary\\\" href=\\\"#book\\\" onclick=\\\"Booking.Open({RoomID:183266}); return false;\\\">Varaa majoitus<\\\/a>\\n<\\\/p>\\n\",\"margin\":\"medium\",\"text_align\":\"center\"},\"name\":\"book varaa\"}]}]},{\"type\":\"row\",\"children\":[{\"type\":\"column\",\"props\":{\"image_position\":\"center-center\",\"position_sticky_breakpoint\":\"m\",\"style\":\"card-default\",\"width_medium\":\"1-2\",\"width_small\":\"1-2\"},\"children\":[{\"type\":\"headline\",\"props\":{\"content\":\"M\\u00f6kkien varustelu\",\"title_element\":\"h3\",\"title_style\":\"h3\"}},{\"type\":\"list\",\"props\":{\"column_breakpoint\":\"m\",\"image_align\":\"left\",\"image_height\":\"30\",\"image_loading\":true,\"image_svg_color\":\"secondary\",\"image_svg_inline\":false,\"image_vertical_align\":true,\"image_width\":\"30\",\"list_element\":\"ul\",\"list_horizontal_separator\":\", \",\"list_type\":\"vertical\",\"show_image\":true,\"show_link\":true},\"children\":[{\"type\":\"list_item\",\"props\":{\"content\":\"\n\n<p>2 + 1\\u00a0<\\\/p>\",\"image\":\"wp-content\\\/uploads\\\/2024\\\/05\\\/people.svg\",\"image_alt\":\"Ryhm\\u00e4ikoni\"}},{\"type\":\"list_item\",\"props\":{\"content\":\"\n\n<p>26 m\\u00b2<\\\/p>\",\"image\":\"wp-content\\\/uploads\\\/2024\\\/04\\\/pohja.svg\",\"image_alt\":\"Pohjapiirrosikoni\"}},{\"type\":\"list_item\",\"props\":{\"content\":\"Kaksi s\\u00e4nky\\u00e4 yhdess\\u00e4 tai erikseen (\\u00e0 90cm)\",\"image\":\"wp-content\\\/uploads\\\/2024\\\/02\\\/parivuode-vihrea.svg\",\"image_alt\":\"Paris\\u00e4nkykuvake\"}},{\"type\":\"list_item\",\"props\":{\"content\":\"Lis\\u00e4vuodepatja 1 lis\\u00e4henkil\\u00f6lle (76cm x 177cm)\\n\",\"image\":\"wp-content\\\/uploads\\\/2024\\\/02\\\/vuode-vihrea.svg\",\"image_alt\":\"Yhden hengen s\\u00e4nky -kuvake\"}},{\"type\":\"list_item\",\"props\":{\"content\":\"Ilmal\\u00e4mp\\u00f6pumppu\",\"image\":\"wp-content\\\/uploads\\\/2024\\\/05\\\/aircondition.svg\",\"image_alt\":\"Ilmastointikuvake\"}},{\"type\":\"list_item\",\"props\":{\"content\":\"Pieni kylpyhuone\",\"image\":\"wp-content\\\/uploads\\\/2024\\\/02\\\/suihkuvihrea.svg\",\"image_alt\":\"Suihkukuvake\"}},{\"type\":\"list_item\",\"props\":{\"content\":\"Keitti\\u00f6nurkkaus astioineen, j\\u00e4\\u00e4kaappi, mikro, vedenkeitin, kahvinkeitin, keittolevy\",\"image\":\"wp-content\\\/uploads\\\/2024\\\/02\\\/vedenkeitin-vihrea2.svg\",\"image_alt\":\"Vedenkeitinkuvake\"}},{\"type\":\"list_item\",\"props\":{\"content\":\"Pieni p\\u00f6yt\\u00e4 ja kaksi tuolia\",\"image\":\"wp-content\\\/uploads\\\/2024\\\/05\\\/dining-table.svg\",\"image_alt\":\"Ruokap\\u00f6yt\\u00e4kuvake\"}},{\"type\":\"list_item\",\"props\":{\"content\":\"Hiustenkuivaaja\",\"image\":\"wp-content\\\/uploads\\\/2024\\\/02\\\/hiustenkuivaaja-vihrea2.svg\",\"image_alt\":\"Hiustenkuivaajakuvake\"}},{\"type\":\"list_item\",\"props\":{\"content\":\"Televisio\",\"image\":\"wp-content\\\/uploads\\\/2024\\\/02\\\/tv-vihrea.svg\",\"image_alt\":\"TV-kuvake\"}},{\"type\":\"list_item\",\"props\":{\"content\":\"Liinavaatteet ja pyyhkeet\",\"image\":\"wp-content\\\/uploads\\\/2024\\\/02\\\/pyyhe-vihrea.svg\",\"image_alt\":\"Pyyhekuvake\"}},{\"type\":\"list_item\",\"props\":{\"content\":\"Kaikki m\\u00f6kit ovat savuttomia\",\"image\":\"wp-content\\\/uploads\\\/2024\\\/02\\\/nonsmoking-vihrea.svg\",\"image_alt\":\"Ei tupakointia -kuvake\"}},{\"type\":\"list_item\",\"props\":{\"content\":\"Kaksi m\\u00f6kki\\u00e4 on lemmikkiyst\\u00e4v\\u00e4llisi\\u00e4 - tarkistathan saatavuuden erikseen\",\"image\":\"wp-content\\\/uploads\\\/2024\\\/06\\\/pets.svg\",\"image_alt\":\"Lemmikkiyst\\u00e4v\\u00e4llisyys-kuvake\"}}]}]},{\"type\":\"column\",\"props\":{\"image_position\":\"center-center\",\"position_sticky_breakpoint\":\"m\",\"style\":\"card-default\",\"width_medium\":\"1-2\",\"width_small\":\"1-2\"},\"children\":[{\"type\":\"headline\",\"props\":{\"content\":\"Hinnat\",\"title_element\":\"h3\",\"title_style\":\"h3\"}},{\"type\":\"text\",\"props\":{\"column_breakpoint\":\"m\",\"content\":\"\n\n<p><strong>1.12.2025 - 3.4.2026\\u00a0<\\\/strong><\\\/p>\\n\n\n<p>315\\u20ac\\\/vrk 1-2 henkil\\u00f6\\u00e4<\\\/p>\\n\n\n<p>Lis\\u00e4vuode 46\\u20ac\\\/vrk\\\/hl\\u00f6 (max 1 hl\\u00f6)<\\\/p>\\n\n\n<p><strong>4.4.2026 - 30.11.2026<\\\/strong><\\\/p>\\n\n\n<p>150\\u20ac\\\/vrk 1-2 henkil\\u00f6\\u00e4<\\\/p>\\n\n\n<p>Lis\\u00e4vuode 46\\u20ac\\\/vrk\\\/hl\\u00f6 (max 1 hl\\u00f6)<\\\/p>\\n\n\n<p><strong>1.12.2026 - 31.3.2027\\u00a0<\\\/strong><\\\/p>\\n\n\n<p>326\\u20ac\\\/vrk 1-2 henkil\\u00f6\\u00e4<\\\/p>\\n\n\n<p>Lis\\u00e4vuode 48\\u20ac\\\/vrk\\\/hl\\u00f6 (max 1 hl\\u00f6)<\\\/p>\\n\n\n<p><strong>1.4.2027 - 30.11.2027<\\\/strong><\\\/p>\\n\n\n<p>150\\u20ac\\\/vrk 1-2 henkil\\u00f6\\u00e4<\\\/p>\\n\n\n<p>Lis\\u00e4vuode 46\\u20ac\\\/vrk\\\/hl\\u00f6 (max 1 hl\\u00f6)<\\\/p>\\n\n\n<p><\\\/p>\\n\n\n<hr \\\/>\\n\n\n<p><strong>Aamiainen:<\\\/strong><\\\/p>\\n\n\n<ul>\\n\n\n<li>Aamiainen ei sis\\u00e4lly hintaan. Lomakyl\\u00e4 Inarissa majoittuvat voivat ostaa aamiaisen hintaan 10eur\\\/hl\\u00f6.<\\\/li>\\n\n\n<li>Aamiainen tarjoillaan Lomakyl\\u00e4 Inarissa talvikaudella, ja Hotelli Inarissa (500m) kes\\u00e4kaudella.<\\\/li>\\n<\\\/ul>\\n\n\n<p><strong>Minimiviipym\\u00e4:<\\\/strong><\\\/p>\\n\n\n<ul>\\n\n\n<li>Minimi viipym\\u00e4 3 y\\u00f6t\\u00e4 ajalla 22.12.2026\\u201310.1.2027<\\\/li>\\n\n\n<li>Minimi viipym\\u00e4 2 y\\u00f6t\\u00e4 ajalla 11.1.2026\\u201314.3.2027 sek\\u00e4 tapahtumaviikonloppuisin<\\\/li>\\n<\\\/ul>\\n\n\n<p><strong>Tapahtumaviikonloput:<\\\/strong><span><\\\/span><br \\\/><span>\\u2013\\u00a0<a href=\\\"http:\\\/\\\/www.ijahisidja.fi\\\/\\\">Ijahis Idja\\u00a0<\\\/a><\\\/span><br \\\/><span>\\u2013\\u00a0<a href=\\\"https:\\\/\\\/skabmagovat.fi\\\/\\\">Sk\\u00e1bmagovat\\u00a0<\\\/a><\\\/span><br \\\/><span>\\u2013\\u00a0<a href=\\\"https:\\\/\\\/porokilpailijat.fi\\\/\\\">Porokuninkuusajot\\u00a0<\\\/a><\\\/span><\\\/p>\",\"margin\":\"default\"}}]}],\"props\":{\"layout\":\"1-2,1-2\",\"width\":\"small\"}}]},{\"type\":\"section\",\"props\":{\"image_position\":\"center-center\",\"style\":\"default\",\"title_breakpoint\":\"xl\",\"title_position\":\"top-left\",\"title_rotation\":\"left\",\"vertical_align\":\"\",\"width\":\"default\"},\"children\":[{\"type\":\"row\",\"children\":[{\"type\":\"column\",\"props\":{\"image_position\":\"center-center\",\"position_sticky_breakpoint\":\"m\"},\"children\":[{\"type\":\"divider\",\"props\":{\"divider_element\":\"hr\",\"margin\":\"large\"}},{\"type\":\"headline\",\"props\":{\"animation\":\"none\",\"content\":\"Lomakyl\\u00e4 Inarin majoituskohteet\",\"margin_remove_top\":true,\"parallax_breakpoint\":\"m\",\"parallax_easing\":\"0.8\",\"parallax_end\":\"5vh + 5%\",\"parallax_opacity\":\"1,0\",\"parallax_y\":\"0,60\",\"text_align\":\"center\",\"title_decoration\":\"bullet\",\"title_element\":\"h1\",\"title_style\":\"h3\"}},{\"type\":\"gallery\",\"props\":{\"filter_align\":\"left\",\"filter_all\":true,\"filter_grid_breakpoint\":\"m\",\"filter_grid_width\":\"auto\",\"filter_position\":\"top\",\"filter_style\":\"tab\",\"grid_column_align\":true,\"grid_column_gap\":\"small\",\"grid_default\":\"1\",\"grid_medium\":\"5\",\"grid_row_align\":true,\"grid_row_gap\":\"small\",\"grid_small\":\"3\",\"image_border\":\"rounded\",\"image_height\":\"533\",\"image_loading\":true,\"image_transition\":\"scale-up\",\"image_width\":\"800\",\"item_animation\":true,\"lightbox_bg_close\":true,\"link_style\":\"default\",\"link_text\":\"\",\"margin\":\"default\",\"meta_align\":\"below-title\",\"meta_element\":\"div\",\"meta_style\":\"text-meta\",\"overlay_hover\":true,\"overlay_link\":true,\"overlay_mode\":\"cover\",\"overlay_position\":\"center\",\"overlay_style\":\"overlay-primary\",\"overlay_transition\":\"fade\",\"show_content\":true,\"show_hover_image\":true,\"show_hover_video\":true,\"show_link\":true,\"show_meta\":true,\"show_title\":true,\"text_align\":\"center\",\"text_color\":\"light\",\"title_element\":\"h3\",\"title_hover_style\":\"reset\",\"title_link\":true,\"title_style\":\"h4\"},\"children\":[{\"type\":\"gallery_item\",\"source\":{\"query\":{\"name\":\"posts.customPosts\",\"arguments\":{\"terms\":[203],\"category_operator\":\"IN\",\"post_tag_operator\":\"IN\",\"users\":[],\"users_operator\":\"IN\",\"offset\":0,\"limit\":10,\"order\":\"date\",\"order_direction\":\"DESC\"}},\"props\":{\"image\":{\"filters\":{\"search\":\"\"},\"name\":\"featuredImage.url\"},\"image_alt\":{\"filters\":{\"search\":\"\"},\"name\":\"featuredImage.alt\"},\"title\":{\"filters\":{\"search\":\"\"},\"name\":\"title\"},\"link\":{\"filters\":{\"search\":\"\"},\"name\":\"link\"}}}}],\"name\":\"\\u00e4l\\u00e4 koske\"}]}]}],\"name\":\"other accommodation HVI\"}],\"version\":\"4.5.33\"} --><\/p>\n","protected":false},"excerpt":{"rendered":"<p>panorama-cabin-view panorama-cabin-table panorama-cabin-bed panorama-cabin-winter-outside2 panorama-cabin-winter-outside Hirsiset Panoraamam\u00f6kit sijaitsevat vain noin 50 metrin p\u00e4\u00e4ss\u00e4 Inarij\u00e4rven rannasta. M\u00f6keist\u00e4 avautuvat upeat j\u00e4rvimaisemat, ja ne tarjoavat mukavat puitteet rentoon lomailuun. Varaa majoitus M\u00f6kkien varustelu 2 + 1\u00a0 26 m\u00b2 Kaksi s\u00e4nky\u00e4 yhdess\u00e4 tai erikseen (\u00e0 90cm) Lis\u00e4vuodepatja 1 lis\u00e4henkil\u00f6lle (76cm x 177cm) Ilmal\u00e4mp\u00f6pumppu Pieni kylpyhuone Keitti\u00f6nurkkaus astioineen, j\u00e4\u00e4kaappi, mikro, [&hellip;]<\/p>\n","protected":false},"author":2,"featured_media":130221,"comment_status":"closed","ping_status":"open","sticky":false,"template":"","format":"standard","meta":{"footnotes":""},"categories":[215],"tags":[],"class_list":["post-269224","post","type-post","status-publish","format-standard","has-post-thumbnail","hentry","category-lomakyla-inari"],"yoast_head":"<!-- This site is optimized with the Yoast SEO Premium plugin v27.3 (Yoast SEO v27.3) - https:\/\/yoast.com\/product\/yoast-seo-premium-wordpress\/ -->\n<title>Panoraama&shy;m\u00f6kki - Visit Inari, Suomen Lapissa<\/title>\n<meta name=\"description\" content=\"Panoraamam\u00f6kit (2+1) sijaisevat Lomakyl\u00e4 Inarissa \u2013 vain 50 metrin p\u00e4\u00e4ss\u00e4 rantaviivasta. Meilt\u00e4 my\u00f6s lemmikkiyst\u00e4v\u00e4lliset m\u00f6kit Inarissa.\" \/>\n<meta name=\"robots\" content=\"index, follow, max-snippet:-1, max-image-preview:large, max-video-preview:-1\" \/>\n<link rel=\"canonical\" href=\"https:\/\/visitinari.fi\/fi\/panoraamamokki\/\" \/>\n<meta property=\"og:locale\" content=\"fi_FI\" \/>\n<meta property=\"og:type\" content=\"article\" \/>\n<meta property=\"og:title\" content=\"Panoraama&shy;m\u00f6kki\" \/>\n<meta property=\"og:description\" content=\"Panoraamam\u00f6kit (2+1) sijaisevat Lomakyl\u00e4 Inarissa \u2013 vain 50 metrin p\u00e4\u00e4ss\u00e4 rantaviivasta. Meilt\u00e4 my\u00f6s lemmikkiyst\u00e4v\u00e4lliset m\u00f6kit Inarissa.\" \/>\n<meta property=\"og:url\" content=\"https:\/\/visitinari.fi\/fi\/panoraamamokki\/\" \/>\n<meta property=\"og:site_name\" content=\"Visit Inari, Suomen Lapissa\" \/>\n<meta property=\"article:publisher\" content=\"https:\/\/www.facebook.com\/visitinarisafaris\/\" \/>\n<meta property=\"article:published_time\" content=\"2024-05-14T09:20:00+00:00\" \/>\n<meta property=\"article:modified_time\" content=\"2026-01-29T08:59:52+00:00\" \/>\n<meta property=\"og:image\" content=\"https:\/\/visitinari.fi\/wp-content\/uploads\/2019\/05\/Lake-View-Cabin_23.jpg\" \/>\n\t<meta property=\"og:image:width\" content=\"800\" \/>\n\t<meta property=\"og:image:height\" content=\"533\" \/>\n\t<meta property=\"og:image:type\" content=\"image\/jpeg\" \/>\n<meta name=\"author\" content=\"davas_saara\" \/>\n<meta name=\"twitter:card\" content=\"summary_large_image\" \/>\n<meta name=\"twitter:label1\" content=\"Kirjoittanut\" \/>\n\t<meta name=\"twitter:data1\" content=\"davas_saara\" \/>\n\t<meta name=\"twitter:label2\" content=\"Arvioitu lukuaika\" \/>\n\t<meta name=\"twitter:data2\" content=\"5 minuuttia\" \/>\n<script type=\"application\/ld+json\" class=\"yoast-schema-graph\">{\"@context\":\"https:\\\/\\\/schema.org\",\"@graph\":[{\"@type\":\"Article\",\"@id\":\"https:\\\/\\\/visitinari.fi\\\/fi\\\/panoraamamokki\\\/#article\",\"isPartOf\":{\"@id\":\"https:\\\/\\\/visitinari.fi\\\/fi\\\/panoraamamokki\\\/\"},\"author\":{\"name\":\"davas_saara\",\"@id\":\"https:\\\/\\\/visitinari.fi\\\/fi\\\/#\\\/schema\\\/person\\\/f89ccc8cf5ccf3c62b4f3dc2ae309ebd\"},\"headline\":\"Panoraama&shy;m\u00f6kki\",\"datePublished\":\"2024-05-14T09:20:00+00:00\",\"dateModified\":\"2026-01-29T08:59:52+00:00\",\"mainEntityOfPage\":{\"@id\":\"https:\\\/\\\/visitinari.fi\\\/fi\\\/panoraamamokki\\\/\"},\"wordCount\":185,\"publisher\":{\"@id\":\"https:\\\/\\\/visitinari.fi\\\/fi\\\/#organization\"},\"image\":{\"@id\":\"https:\\\/\\\/visitinari.fi\\\/fi\\\/panoraamamokki\\\/#primaryimage\"},\"thumbnailUrl\":\"https:\\\/\\\/visitinari.fi\\\/wp-content\\\/uploads\\\/2019\\\/05\\\/Lake-View-Cabin_23.jpg\",\"articleSection\":[\"Lomakyl\u00e4 Inari\"],\"inLanguage\":\"fi\"},{\"@type\":\"WebPage\",\"@id\":\"https:\\\/\\\/visitinari.fi\\\/fi\\\/panoraamamokki\\\/\",\"url\":\"https:\\\/\\\/visitinari.fi\\\/fi\\\/panoraamamokki\\\/\",\"name\":\"Panoraama&shy;m\u00f6kki - Visit Inari, Suomen Lapissa\",\"isPartOf\":{\"@id\":\"https:\\\/\\\/visitinari.fi\\\/fi\\\/#website\"},\"primaryImageOfPage\":{\"@id\":\"https:\\\/\\\/visitinari.fi\\\/fi\\\/panoraamamokki\\\/#primaryimage\"},\"image\":{\"@id\":\"https:\\\/\\\/visitinari.fi\\\/fi\\\/panoraamamokki\\\/#primaryimage\"},\"thumbnailUrl\":\"https:\\\/\\\/visitinari.fi\\\/wp-content\\\/uploads\\\/2019\\\/05\\\/Lake-View-Cabin_23.jpg\",\"datePublished\":\"2024-05-14T09:20:00+00:00\",\"dateModified\":\"2026-01-29T08:59:52+00:00\",\"description\":\"Panoraamam\u00f6kit (2+1) sijaisevat Lomakyl\u00e4 Inarissa \u2013 vain 50 metrin p\u00e4\u00e4ss\u00e4 rantaviivasta. Meilt\u00e4 my\u00f6s lemmikkiyst\u00e4v\u00e4lliset m\u00f6kit Inarissa.\",\"breadcrumb\":{\"@id\":\"https:\\\/\\\/visitinari.fi\\\/fi\\\/panoraamamokki\\\/#breadcrumb\"},\"inLanguage\":\"fi\",\"potentialAction\":[{\"@type\":\"ReadAction\",\"target\":[\"https:\\\/\\\/visitinari.fi\\\/fi\\\/panoraamamokki\\\/\"]}]},{\"@type\":\"ImageObject\",\"inLanguage\":\"fi\",\"@id\":\"https:\\\/\\\/visitinari.fi\\\/fi\\\/panoraamamokki\\\/#primaryimage\",\"url\":\"https:\\\/\\\/visitinari.fi\\\/wp-content\\\/uploads\\\/2019\\\/05\\\/Lake-View-Cabin_23.jpg\",\"contentUrl\":\"https:\\\/\\\/visitinari.fi\\\/wp-content\\\/uploads\\\/2019\\\/05\\\/Lake-View-Cabin_23.jpg\",\"width\":800,\"height\":533,\"caption\":\"Panoraamam\u00f6kki\"},{\"@type\":\"BreadcrumbList\",\"@id\":\"https:\\\/\\\/visitinari.fi\\\/fi\\\/panoraamamokki\\\/#breadcrumb\",\"itemListElement\":[{\"@type\":\"ListItem\",\"position\":1,\"name\":\"Home\",\"item\":\"https:\\\/\\\/visitinari.fi\\\/fi\\\/\"},{\"@type\":\"ListItem\",\"position\":2,\"name\":\"Panoraama&shy;m\u00f6kki\"}]},{\"@type\":\"WebSite\",\"@id\":\"https:\\\/\\\/visitinari.fi\\\/fi\\\/#website\",\"url\":\"https:\\\/\\\/visitinari.fi\\\/fi\\\/\",\"name\":\"Visit Inari, Finland, Lapland\",\"description\":\"Safaris & Accommodation\",\"publisher\":{\"@id\":\"https:\\\/\\\/visitinari.fi\\\/fi\\\/#organization\"},\"potentialAction\":[{\"@type\":\"SearchAction\",\"target\":{\"@type\":\"EntryPoint\",\"urlTemplate\":\"https:\\\/\\\/visitinari.fi\\\/fi\\\/?s={search_term_string}\"},\"query-input\":{\"@type\":\"PropertyValueSpecification\",\"valueRequired\":true,\"valueName\":\"search_term_string\"}}],\"inLanguage\":\"fi\"},{\"@type\":[\"Organization\",\"Place\"],\"@id\":\"https:\\\/\\\/visitinari.fi\\\/fi\\\/#organization\",\"name\":\"Visit Inari - Accommodation & Safaris\",\"url\":\"https:\\\/\\\/visitinari.fi\\\/\",\"logo\":{\"@type\":\"ImageObject\",\"inLanguage\":\"fi\",\"@id\":\"https:\\\/\\\/visitinari.fi\\\/fi\\\/#\\\/schema\\\/logo\\\/image\\\/\",\"url\":\"https:\\\/\\\/visitinari.fi\\\/wp-content\\\/uploads\\\/2018\\\/06\\\/Visit-Inari-Safaris-Accommodation-COLOR.png\",\"contentUrl\":\"https:\\\/\\\/visitinari.fi\\\/wp-content\\\/uploads\\\/2018\\\/06\\\/Visit-Inari-Safaris-Accommodation-COLOR.png\",\"width\":1920,\"height\":1521,\"caption\":\"Visit Inari - Accommodation & Safaris\"},\"image\":{\"@id\":\"https:\\\/\\\/visitinari.fi\\\/fi\\\/#\\\/schema\\\/logo\\\/image\\\/\"},\"sameAs\":[\"https:\\\/\\\/www.facebook.com\\\/visitinarisafaris\\\/\",\"https:\\\/\\\/www.instagram.com\\\/\"],\"telephone\":[\"+358 40 179 6069\"],\"contactPoint\":{\"@type\":\"ContactPoint\",\"telephone\":\"+358 40 179 6069\",\"email\":\"sales@visitinari.fi\"},\"email\":\"sales@visitinari.fi\",\"vatID\":\"2702265-6\"},{\"@type\":\"Person\",\"@id\":\"https:\\\/\\\/visitinari.fi\\\/fi\\\/#\\\/schema\\\/person\\\/f89ccc8cf5ccf3c62b4f3dc2ae309ebd\",\"name\":\"davas_saara\",\"image\":{\"@type\":\"ImageObject\",\"inLanguage\":\"fi\",\"@id\":\"https:\\\/\\\/visitinari.fi\\\/wp-content\\\/litespeed\\\/avatar\\\/f849348f62390ab4d6a206dcd61f5771.jpg?ver=1777281919\",\"url\":\"https:\\\/\\\/visitinari.fi\\\/wp-content\\\/litespeed\\\/avatar\\\/f849348f62390ab4d6a206dcd61f5771.jpg?ver=1777281919\",\"contentUrl\":\"https:\\\/\\\/visitinari.fi\\\/wp-content\\\/litespeed\\\/avatar\\\/f849348f62390ab4d6a206dcd61f5771.jpg?ver=1777281919\",\"caption\":\"davas_saara\"}}]}<\/script>\n<!-- \/ Yoast SEO Premium plugin. -->","yoast_head_json":{"title":"Panoraama&shy;m\u00f6kki - Visit Inari, Suomen Lapissa","description":"Panoraamam\u00f6kit (2+1) sijaisevat Lomakyl\u00e4 Inarissa \u2013 vain 50 metrin p\u00e4\u00e4ss\u00e4 rantaviivasta. Meilt\u00e4 my\u00f6s lemmikkiyst\u00e4v\u00e4lliset m\u00f6kit Inarissa.","robots":{"index":"index","follow":"follow","max-snippet":"max-snippet:-1","max-image-preview":"max-image-preview:large","max-video-preview":"max-video-preview:-1"},"canonical":"https:\/\/visitinari.fi\/fi\/panoraamamokki\/","og_locale":"fi_FI","og_type":"article","og_title":"Panoraama&shy;m\u00f6kki","og_description":"Panoraamam\u00f6kit (2+1) sijaisevat Lomakyl\u00e4 Inarissa \u2013 vain 50 metrin p\u00e4\u00e4ss\u00e4 rantaviivasta. Meilt\u00e4 my\u00f6s lemmikkiyst\u00e4v\u00e4lliset m\u00f6kit Inarissa.","og_url":"https:\/\/visitinari.fi\/fi\/panoraamamokki\/","og_site_name":"Visit Inari, Suomen Lapissa","article_publisher":"https:\/\/www.facebook.com\/visitinarisafaris\/","article_published_time":"2024-05-14T09:20:00+00:00","article_modified_time":"2026-01-29T08:59:52+00:00","og_image":[{"width":800,"height":533,"url":"https:\/\/visitinari.fi\/wp-content\/uploads\/2019\/05\/Lake-View-Cabin_23.jpg","type":"image\/jpeg"}],"author":"davas_saara","twitter_card":"summary_large_image","twitter_misc":{"Kirjoittanut":"davas_saara","Arvioitu lukuaika":"5 minuuttia"},"schema":{"@context":"https:\/\/schema.org","@graph":[{"@type":"Article","@id":"https:\/\/visitinari.fi\/fi\/panoraamamokki\/#article","isPartOf":{"@id":"https:\/\/visitinari.fi\/fi\/panoraamamokki\/"},"author":{"name":"davas_saara","@id":"https:\/\/visitinari.fi\/fi\/#\/schema\/person\/f89ccc8cf5ccf3c62b4f3dc2ae309ebd"},"headline":"Panoraama&shy;m\u00f6kki","datePublished":"2024-05-14T09:20:00+00:00","dateModified":"2026-01-29T08:59:52+00:00","mainEntityOfPage":{"@id":"https:\/\/visitinari.fi\/fi\/panoraamamokki\/"},"wordCount":185,"publisher":{"@id":"https:\/\/visitinari.fi\/fi\/#organization"},"image":{"@id":"https:\/\/visitinari.fi\/fi\/panoraamamokki\/#primaryimage"},"thumbnailUrl":"https:\/\/visitinari.fi\/wp-content\/uploads\/2019\/05\/Lake-View-Cabin_23.jpg","articleSection":["Lomakyl\u00e4 Inari"],"inLanguage":"fi"},{"@type":"WebPage","@id":"https:\/\/visitinari.fi\/fi\/panoraamamokki\/","url":"https:\/\/visitinari.fi\/fi\/panoraamamokki\/","name":"Panoraama&shy;m\u00f6kki - Visit Inari, Suomen Lapissa","isPartOf":{"@id":"https:\/\/visitinari.fi\/fi\/#website"},"primaryImageOfPage":{"@id":"https:\/\/visitinari.fi\/fi\/panoraamamokki\/#primaryimage"},"image":{"@id":"https:\/\/visitinari.fi\/fi\/panoraamamokki\/#primaryimage"},"thumbnailUrl":"https:\/\/visitinari.fi\/wp-content\/uploads\/2019\/05\/Lake-View-Cabin_23.jpg","datePublished":"2024-05-14T09:20:00+00:00","dateModified":"2026-01-29T08:59:52+00:00","description":"Panoraamam\u00f6kit (2+1) sijaisevat Lomakyl\u00e4 Inarissa \u2013 vain 50 metrin p\u00e4\u00e4ss\u00e4 rantaviivasta. Meilt\u00e4 my\u00f6s lemmikkiyst\u00e4v\u00e4lliset m\u00f6kit Inarissa.","breadcrumb":{"@id":"https:\/\/visitinari.fi\/fi\/panoraamamokki\/#breadcrumb"},"inLanguage":"fi","potentialAction":[{"@type":"ReadAction","target":["https:\/\/visitinari.fi\/fi\/panoraamamokki\/"]}]},{"@type":"ImageObject","inLanguage":"fi","@id":"https:\/\/visitinari.fi\/fi\/panoraamamokki\/#primaryimage","url":"https:\/\/visitinari.fi\/wp-content\/uploads\/2019\/05\/Lake-View-Cabin_23.jpg","contentUrl":"https:\/\/visitinari.fi\/wp-content\/uploads\/2019\/05\/Lake-View-Cabin_23.jpg","width":800,"height":533,"caption":"Panoraamam\u00f6kki"},{"@type":"BreadcrumbList","@id":"https:\/\/visitinari.fi\/fi\/panoraamamokki\/#breadcrumb","itemListElement":[{"@type":"ListItem","position":1,"name":"Home","item":"https:\/\/visitinari.fi\/fi\/"},{"@type":"ListItem","position":2,"name":"Panoraama&shy;m\u00f6kki"}]},{"@type":"WebSite","@id":"https:\/\/visitinari.fi\/fi\/#website","url":"https:\/\/visitinari.fi\/fi\/","name":"Visit Inari, Finland, Lapland","description":"Safaris & Accommodation","publisher":{"@id":"https:\/\/visitinari.fi\/fi\/#organization"},"potentialAction":[{"@type":"SearchAction","target":{"@type":"EntryPoint","urlTemplate":"https:\/\/visitinari.fi\/fi\/?s={search_term_string}"},"query-input":{"@type":"PropertyValueSpecification","valueRequired":true,"valueName":"search_term_string"}}],"inLanguage":"fi"},{"@type":["Organization","Place"],"@id":"https:\/\/visitinari.fi\/fi\/#organization","name":"Visit Inari - Accommodation & Safaris","url":"https:\/\/visitinari.fi\/","logo":{"@type":"ImageObject","inLanguage":"fi","@id":"https:\/\/visitinari.fi\/fi\/#\/schema\/logo\/image\/","url":"https:\/\/visitinari.fi\/wp-content\/uploads\/2018\/06\/Visit-Inari-Safaris-Accommodation-COLOR.png","contentUrl":"https:\/\/visitinari.fi\/wp-content\/uploads\/2018\/06\/Visit-Inari-Safaris-Accommodation-COLOR.png","width":1920,"height":1521,"caption":"Visit Inari - Accommodation & Safaris"},"image":{"@id":"https:\/\/visitinari.fi\/fi\/#\/schema\/logo\/image\/"},"sameAs":["https:\/\/www.facebook.com\/visitinarisafaris\/","https:\/\/www.instagram.com\/"],"telephone":["+358 40 179 6069"],"contactPoint":{"@type":"ContactPoint","telephone":"+358 40 179 6069","email":"sales@visitinari.fi"},"email":"sales@visitinari.fi","vatID":"2702265-6"},{"@type":"Person","@id":"https:\/\/visitinari.fi\/fi\/#\/schema\/person\/f89ccc8cf5ccf3c62b4f3dc2ae309ebd","name":"davas_saara","image":{"@type":"ImageObject","inLanguage":"fi","@id":"https:\/\/visitinari.fi\/wp-content\/litespeed\/avatar\/f849348f62390ab4d6a206dcd61f5771.jpg?ver=1777281919","url":"https:\/\/visitinari.fi\/wp-content\/litespeed\/avatar\/f849348f62390ab4d6a206dcd61f5771.jpg?ver=1777281919","contentUrl":"https:\/\/visitinari.fi\/wp-content\/litespeed\/avatar\/f849348f62390ab4d6a206dcd61f5771.jpg?ver=1777281919","caption":"davas_saara"}}]}},"_links":{"self":[{"href":"https:\/\/visitinari.fi\/fi\/wp-json\/wp\/v2\/posts\/269224","targetHints":{"allow":["GET"]}}],"collection":[{"href":"https:\/\/visitinari.fi\/fi\/wp-json\/wp\/v2\/posts"}],"about":[{"href":"https:\/\/visitinari.fi\/fi\/wp-json\/wp\/v2\/types\/post"}],"author":[{"embeddable":true,"href":"https:\/\/visitinari.fi\/fi\/wp-json\/wp\/v2\/users\/2"}],"replies":[{"embeddable":true,"href":"https:\/\/visitinari.fi\/fi\/wp-json\/wp\/v2\/comments?post=269224"}],"version-history":[{"count":11,"href":"https:\/\/visitinari.fi\/fi\/wp-json\/wp\/v2\/posts\/269224\/revisions"}],"predecessor-version":[{"id":274174,"href":"https:\/\/visitinari.fi\/fi\/wp-json\/wp\/v2\/posts\/269224\/revisions\/274174"}],"wp:featuredmedia":[{"embeddable":true,"href":"https:\/\/visitinari.fi\/fi\/wp-json\/wp\/v2\/media\/130221"}],"wp:attachment":[{"href":"https:\/\/visitinari.fi\/fi\/wp-json\/wp\/v2\/media?parent=269224"}],"wp:term":[{"taxonomy":"category","embeddable":true,"href":"https:\/\/visitinari.fi\/fi\/wp-json\/wp\/v2\/categories?post=269224"},{"taxonomy":"post_tag","embeddable":true,"href":"https:\/\/visitinari.fi\/fi\/wp-json\/wp\/v2\/tags?post=269224"}],"curies":[{"name":"wp","href":"https:\/\/api.w.org\/{rel}","templated":true}]}}