{"id":269202,"date":"2024-05-15T14:56:33","date_gmt":"2024-05-15T11:56:33","guid":{"rendered":"https:\/\/visitinari.fi\/northern-lights-search-with-reindeer\/"},"modified":"2026-02-26T12:11:27","modified_gmt":"2026-02-26T10:11:27","slug":"iltaporoajelu","status":"publish","type":"post","link":"https:\/\/visitinari.fi\/fi\/iltaporoajelu\/","title":{"rendered":"Ilta&shy;poro&shy;ajelu"},"content":{"rendered":"<ul>\n<li>\n<\/li>\n<li>\n<p>        <img decoding=\"async\" src=\"\/wp-content\/uploads\/2018\/08\/Visit-Inari-Under-the-northern-lights-with-reindeer-870x435-2-1.jpg\" alt=\"Kaksi poroa kylki kyljess\u00e4 kauniin v\u00e4rikk\u00e4\u00e4ss\u00e4 auringonlaskussa reen vierell\u00e4.\"><\/p>\n<h3>Visit-Inari-Under-the-northern-lights-with-reindeer-870&#215;435-2 (1)<\/h3>\n<\/li>\n<li>\n<p>        <img decoding=\"async\" src=\"\/wp-content\/uploads\/2018\/08\/Visit-Inari-Under-the-Northern-Lights-with-Reindeer-2-870x435-1.jpg\" alt=\"Mies, jonka vieress\u00e4 lapsi, silitt\u00e4\u00e4 iso sarvista poroa pime\u00e4ss\u00e4 lumisateisessa ilmassa.\"><\/p>\n<h3>Visit-Inari-Under-the-Northern-Lights-with-Reindeer-2-870&#215;435 (1)<\/h3>\n<\/li>\n<\/ul>\n<div>\n<p><strong>Koe luonnon hiljaisuus ja iltainen h\u00e4m\u00e4ryys.<\/strong><\/p>\n<p>Istumme perinteisess\u00e4 sanireess\u00e4. Poro on valjastettu rekemme eteen. Poromiehen johdattaman pororaito nytk\u00e4ytt\u00e4\u00e4 rekemme liikkeelle. On hiljaista \u2013 vain poron koparoiden napsunta tahdittaa kulkuamme mets\u00e4n siimekseen. Lumi narisee rekien jalasten alla.<br \/>Poromies pys\u00e4ytt\u00e4\u00e4 raidon ja tekee tulet. Kuuntelemme tarinoita liekkien loimussa ja t\u00e4hyilemme taivasta toivoen revontulien tanssin alkavan.<\/p>\n<\/div>\n<ul>\n<li>\n<h3>Saatavuus<\/h3>\n<div>\n<p>1.12.2025 \u2013 31.3.2026<\/p>\n<\/div>\n<\/li>\n<li>\n<h3>L\u00e4ht\u00f6<\/h3>\n<div>\n<p>ma, ke ja la klo 19:30<\/p>\n<\/div>\n<\/li>\n<li>\n<h3>Kesto<\/h3>\n<div>\n<p>2 tuntia (sis. kuljetus)<\/p>\n<\/div>\n<\/li>\n<li>\n<h3>Hinta<\/h3>\n<div>\n<p><span>181 \u20ac\/henkil\u00f6<\/span><br \/><span>Lapset 4-11 vuotta -30%<\/span><\/p>\n<\/div>\n<\/li>\n<li>\n<h3>Hinta sis\u00e4lt\u00e4\u00e4<\/h3>\n<div>\n<p>kuljetukset Inarin kyl\u00e4lt\u00e4, talvivarusteet, n. 40 min. pororekiajelun, kuuman juoman<\/p>\n<\/div>\n<\/li>\n<\/ul>\n<p><p>\n        <a href=\"https:\/\/fareharbor.com\/embeds\/book\/visitinari\/items\/570923\/?full-items=yes&#038;flow=1241746\">Varaa<\/a>\n    <\/p>\n<\/p>\n<p><!--more--><br \/>\n<!-- {\"type\":\"layout\",\"children\":[{\"name\":\"Hero\",\"type\":\"section\",\"props\":{\"image_position\":\"center-center\",\"padding\":\"none\",\"padding_remove_bottom\":false,\"padding_remove_top\":true,\"style\":\"default\",\"title_breakpoint\":\"xl\",\"title_position\":\"top-left\",\"title_rotation\":\"left\",\"vertical_align\":\"\",\"width\":\"\"},\"children\":[{\"type\":\"row\",\"children\":[{\"type\":\"column\",\"props\":{\"image_position\":\"center-center\",\"position_sticky_breakpoint\":\"m\",\"width_medium\":\"1-1\"},\"children\":[{\"type\":\"overlay-slider\",\"props\":{\"image_height\":\"733\",\"image_loading\":true,\"image_width\":\"1080\",\"link_style\":\"default\",\"link_text\":\"\",\"margin\":\"default\",\"meta_align\":\"below-title\",\"meta_element\":\"div\",\"meta_style\":\"text-meta\",\"nav\":\"\",\"nav_align\":\"center\",\"nav_below\":true,\"nav_breakpoint\":\"s\",\"nav_position\":\"bottom-center\",\"nav_position_margin\":\"medium\",\"overlay_link\":true,\"overlay_mode\":\"cover\",\"overlay_position\":\"center\",\"overlay_transition\":\"fade\",\"show_content\":true,\"show_hover_image\":true,\"show_hover_video\":true,\"show_link\":true,\"show_meta\":true,\"show_title\":false,\"slidenav\":\"default\",\"slidenav_breakpoint\":\"s\",\"slidenav_hover\":false,\"slidenav_margin\":\"medium\",\"slidenav_outside_breakpoint\":\"xl\",\"slider_autoplay\":false,\"slider_autoplay_pause\":true,\"slider_center\":false,\"slider_divider\":false,\"slider_gap\":\"\",\"slider_sets\":true,\"slider_width\":\"fixed\",\"slider_width_default\":\"1-1\",\"slider_width_medium\":\"1-3\",\"slider_width_small\":\"3-5\",\"text_align\":\"center\",\"title_element\":\"h3\",\"title_hover_style\":\"reset\"},\"children\":[{\"type\":\"overlay-slider_item\",\"source\":{\"query\":{\"name\":\"posts.singlePost\"},\"props\":{\"image\":{\"filters\":{\"search\":\"\"},\"name\":\"featuredImage.url\"},\"image_alt\":{\"filters\":{\"search\":\"\"},\"name\":\"title\"},\"title\":{\"filters\":{\"search\":\"\"},\"name\":\"title\"}}}},{\"type\":\"overlay-slider_item\",\"props\":{\"image\":\"wp-content\\\/uploads\\\/2018\\\/08\\\/Visit-Inari-Under-the-northern-lights-with-reindeer-870x435-2-1.jpg\",\"image_alt\":\"Kaksi poroa kylki kyljess\\u00e4 kauniin v\\u00e4rikk\\u00e4\\u00e4ss\\u00e4 auringonlaskussa reen vierell\\u00e4.\",\"title\":\"Visit-Inari-Under-the-northern-lights-with-reindeer-870x435-2 (1)\"}},{\"type\":\"overlay-slider_item\",\"props\":{\"image\":\"wp-content\\\/uploads\\\/2018\\\/08\\\/Visit-Inari-Under-the-Northern-Lights-with-Reindeer-2-870x435-1.jpg\",\"image_alt\":\"Mies, jonka vieress\\u00e4 lapsi, silitt\\u00e4\\u00e4 iso sarvista poroa pime\\u00e4ss\\u00e4 lumisateisessa ilmassa.\",\"title\":\"Visit-Inari-Under-the-Northern-Lights-with-Reindeer-2-870x435 (1)\"}}]}]}]}]},{\"type\":\"section\",\"props\":{\"image_position\":\"center-center\",\"padding\":\"none\",\"style\":\"default\",\"title_breakpoint\":\"xl\",\"title_position\":\"top-left\",\"title_rotation\":\"left\",\"vertical_align\":\"\",\"width\":\"default\"},\"children\":[{\"type\":\"row\",\"props\":{\"margin\":\"remove-vertical\"},\"children\":[{\"type\":\"column\",\"props\":{\"image_position\":\"center-center\",\"position_sticky_breakpoint\":\"m\"},\"children\":[{\"type\":\"breadcrumbs\",\"props\":{\"margin\":\"remove-vertical\",\"show_current\":true,\"show_home\":true}}]}]}],\"name\":\"breadcrumbs section\"},{\"name\":\"Services\",\"type\":\"section\",\"props\":{\"css\":\"@media (max-width: 1600px)  {\\n    .el-section > * {\\n        background-size: 480px!important;\\n    }\\n}\",\"image_effect\":\"parallax\",\"image_loading\":true,\"image_parallax_easing\":\"1\",\"image_position\":\"top-right\",\"image_width\":\"600\",\"media_visibility\":\"l\",\"style\":\"default\",\"title_breakpoint\":\"xl\",\"title_position\":\"top-left\",\"title_rotation\":\"left\",\"vertical_align\":\"\",\"width\":\"xlarge\"},\"children\":[{\"type\":\"row\",\"props\":{\"margin\":\"xlarge\"},\"children\":[{\"type\":\"column\",\"props\":{\"image_position\":\"center-center\",\"position_sticky_breakpoint\":\"m\",\"width_medium\":\"1-1\"},\"children\":[{\"type\":\"headline\",\"props\":{\"block_align\":\"center\",\"maxwidth\":\"2xlarge\",\"text_align\":\"center\",\"title_element\":\"h1\",\"title_style\":\"heading-small\"},\"source\":{\"query\":{\"name\":\"posts.singlePost\"},\"props\":{\"content\":{\"filters\":{\"search\":\"\"},\"name\":\"title\"}}}},{\"type\":\"text\",\"props\":{\"block_align\":\"center\",\"column_breakpoint\":\"m\",\"content\":\"\n\n<p><strong>Koe luonnon hiljaisuus ja iltainen h\\u00e4m\\u00e4ryys.<\\\/strong><\\\/p>\\n\n\n<p>Istumme perinteisess\\u00e4 sanireess\\u00e4. Poro on valjastettu rekemme eteen. Poromiehen johdattaman pororaito nytk\\u00e4ytt\\u00e4\\u00e4 rekemme liikkeelle. On hiljaista \\u2013 vain poron koparoiden napsunta tahdittaa kulkuamme mets\\u00e4n siimekseen. Lumi narisee rekien jalasten alla.<br \\\/>Poromies pys\\u00e4ytt\\u00e4\\u00e4 raidon ja tekee tulet. Kuuntelemme tarinoita liekkien loimussa ja t\\u00e4hyilemme taivasta toivoen revontulien tanssin alkavan.<\\\/p>\",\"margin\":\"large\",\"margin_remove_bottom\":false,\"maxwidth\":\"xlarge\",\"text_align\":\"center\"}},{\"type\":\"description_list\",\"props\":{\"block_align\":\"center\",\"column_breakpoint\":\"m\",\"layout\":\"grid-2\",\"list_element\":\"ul\",\"list_style\":\"divider\",\"maxwidth\":\"large\",\"meta_align\":\"below-content\",\"meta_style\":\"text-meta\",\"show_content\":true,\"show_link\":true,\"show_meta\":true,\"show_title\":true,\"title_element\":\"div\",\"title_grid_breakpoint\":\"s\",\"title_grid_column_gap\":\"small\",\"title_grid_row_gap\":\"small\",\"title_grid_width\":\"small\",\"title_style\":\"h6\"},\"children\":[{\"type\":\"description_list_item\",\"props\":{\"content\":\"\n\n<p>1.12.2025 \\u2013 31.3.2026<\\\/p>\",\"title\":\"Saatavuus\"}},{\"type\":\"description_list_item\",\"props\":{\"content\":\"\n\n<p>ma, ke ja la klo 19:30<\\\/p>\",\"title\":\"L\\u00e4ht\\u00f6\"}},{\"type\":\"description_list_item\",\"props\":{\"content\":\"\n\n<p>2 tuntia (sis. kuljetus)<\\\/p>\",\"title\":\"Kesto\"}},{\"type\":\"description_list_item\",\"props\":{\"content\":\"\n\n<p><span>181 \\u20ac\\\/henkil\\u00f6<\\\/span><br \\\/><span>Lapset 4-11 vuotta -30%<\\\/span><\\\/p>\",\"title\":\"Hinta\"}},{\"type\":\"description_list_item\",\"props\":{\"content\":\"\n\n<p>kuljetukset Inarin kyl\\u00e4lt\\u00e4, talvivarusteet, n. 40 min. pororekiajelun, kuuman juoman<\\\/p>\",\"title\":\"Hinta sis\\u00e4lt\\u00e4\\u00e4\"}}]},{\"type\":\"button\",\"props\":{\"grid_column_gap\":\"small\",\"grid_row_gap\":\"small\",\"margin\":\"default\",\"text_align\":\"center\"},\"children\":[{\"type\":\"button_item\",\"props\":{\"button_style\":\"primary\",\"content\":\"Varaa\",\"dialog_layout\":\"modal\",\"dialog_offcanvas_flip\":true,\"icon_align\":\"left\",\"link\":\"https:\\\/\\\/fareharbor.com\\\/embeds\\\/book\\\/visitinari\\\/items\\\/570923\\\/?full-items=yes&flow=1241746\",\"link_aria_label\":\"Book\",\"link_target\":\"blank\"}}]}]}]}]}],\"version\":\"4.5.33\"} --><\/p>\n","protected":false},"excerpt":{"rendered":"<p>Visit-Inari-Under-the-northern-lights-with-reindeer-870&#215;435-2 (1) Visit-Inari-Under-the-Northern-Lights-with-Reindeer-2-870&#215;435 (1) Koe luonnon hiljaisuus ja iltainen h\u00e4m\u00e4ryys. Istumme perinteisess\u00e4 sanireess\u00e4. Poro on valjastettu rekemme eteen. Poromiehen johdattaman pororaito nytk\u00e4ytt\u00e4\u00e4 rekemme liikkeelle. On hiljaista \u2013 vain poron koparoiden napsunta tahdittaa kulkuamme mets\u00e4n siimekseen. Lumi narisee rekien jalasten alla.Poromies pys\u00e4ytt\u00e4\u00e4 raidon ja tekee tulet. Kuuntelemme tarinoita liekkien loimussa ja t\u00e4hyilemme taivasta toivoen revontulien tanssin [&hellip;]<\/p>\n","protected":false},"author":2,"featured_media":270715,"comment_status":"closed","ping_status":"open","sticky":false,"template":"","format":"standard","meta":{"footnotes":""},"categories":[226,225],"tags":[],"class_list":["post-269202","post","type-post","status-publish","format-standard","has-post-thumbnail","hentry","category-huskyt-porot","category-revontuliretket-fi"],"yoast_head":"<!-- This site is optimized with the Yoast SEO Premium plugin v27.3 (Yoast SEO v27.3) - https:\/\/yoast.com\/product\/yoast-seo-premium-wordpress\/ -->\n<title>Ilta&shy;poro&shy;ajelu - Visit Inari, Suomen Lapissa<\/title>\n<meta name=\"description\" content=\"Poro on valjastettu sanireen eteen ja poromiehen johdattama pororaito nytk\u00e4ytt\u00e4\u00e4 rekemme liikkeelle. Poron koparoiden napsunta tahdittaa kulkuamme mets\u00e4n siimekseen.\" \/>\n<meta name=\"robots\" content=\"index, follow, max-snippet:-1, max-image-preview:large, max-video-preview:-1\" \/>\n<link rel=\"canonical\" href=\"https:\/\/visitinari.fi\/fi\/iltaporoajelu\/\" \/>\n<meta property=\"og:locale\" content=\"fi_FI\" \/>\n<meta property=\"og:type\" content=\"article\" \/>\n<meta property=\"og:title\" content=\"Ilta&shy;poro&shy;ajelu\" \/>\n<meta property=\"og:description\" content=\"Poro on valjastettu sanireen eteen ja poromiehen johdattama pororaito nytk\u00e4ytt\u00e4\u00e4 rekemme liikkeelle. Poron koparoiden napsunta tahdittaa kulkuamme mets\u00e4n siimekseen.\" \/>\n<meta property=\"og:url\" content=\"https:\/\/visitinari.fi\/fi\/iltaporoajelu\/\" \/>\n<meta property=\"og:site_name\" content=\"Visit Inari, Suomen Lapissa\" \/>\n<meta property=\"article:publisher\" content=\"https:\/\/www.facebook.com\/visitinarisafaris\/\" \/>\n<meta property=\"article:published_time\" content=\"2024-05-15T11:56:33+00:00\" \/>\n<meta property=\"article:modified_time\" content=\"2026-02-26T10:11:27+00:00\" \/>\n<meta property=\"og:image\" content=\"https:\/\/visitinari.fi\/wp-content\/uploads\/2024\/05\/53569167693_44e7bb58d8_k.jpg\" \/>\n\t<meta property=\"og:image:width\" content=\"1080\" \/>\n\t<meta property=\"og:image:height\" content=\"1080\" \/>\n\t<meta property=\"og:image:type\" content=\"image\/jpeg\" \/>\n<meta name=\"author\" content=\"davas_saara\" \/>\n<meta name=\"twitter:card\" content=\"summary_large_image\" \/>\n<meta name=\"twitter:label1\" content=\"Kirjoittanut\" \/>\n\t<meta name=\"twitter:data1\" content=\"davas_saara\" \/>\n\t<meta name=\"twitter:label2\" content=\"Arvioitu lukuaika\" \/>\n\t<meta name=\"twitter:data2\" content=\"1 minuutti\" \/>\n<script type=\"application\/ld+json\" class=\"yoast-schema-graph\">{\"@context\":\"https:\\\/\\\/schema.org\",\"@graph\":[{\"@type\":\"Article\",\"@id\":\"https:\\\/\\\/visitinari.fi\\\/fi\\\/iltaporoajelu\\\/#article\",\"isPartOf\":{\"@id\":\"https:\\\/\\\/visitinari.fi\\\/fi\\\/iltaporoajelu\\\/\"},\"author\":{\"name\":\"davas_saara\",\"@id\":\"https:\\\/\\\/visitinari.fi\\\/fi\\\/#\\\/schema\\\/person\\\/f89ccc8cf5ccf3c62b4f3dc2ae309ebd\"},\"headline\":\"Ilta&shy;poro&shy;ajelu\",\"datePublished\":\"2024-05-15T11:56:33+00:00\",\"dateModified\":\"2026-02-26T10:11:27+00:00\",\"mainEntityOfPage\":{\"@id\":\"https:\\\/\\\/visitinari.fi\\\/fi\\\/iltaporoajelu\\\/\"},\"wordCount\":101,\"publisher\":{\"@id\":\"https:\\\/\\\/visitinari.fi\\\/fi\\\/#organization\"},\"image\":{\"@id\":\"https:\\\/\\\/visitinari.fi\\\/fi\\\/iltaporoajelu\\\/#primaryimage\"},\"thumbnailUrl\":\"https:\\\/\\\/visitinari.fi\\\/wp-content\\\/uploads\\\/2024\\\/05\\\/53569167693_44e7bb58d8_k.jpg\",\"articleSection\":[\"Huskyt ja porot\",\"Revontuliretket\"],\"inLanguage\":\"fi\"},{\"@type\":\"WebPage\",\"@id\":\"https:\\\/\\\/visitinari.fi\\\/fi\\\/iltaporoajelu\\\/\",\"url\":\"https:\\\/\\\/visitinari.fi\\\/fi\\\/iltaporoajelu\\\/\",\"name\":\"Ilta&shy;poro&shy;ajelu - Visit Inari, Suomen Lapissa\",\"isPartOf\":{\"@id\":\"https:\\\/\\\/visitinari.fi\\\/fi\\\/#website\"},\"primaryImageOfPage\":{\"@id\":\"https:\\\/\\\/visitinari.fi\\\/fi\\\/iltaporoajelu\\\/#primaryimage\"},\"image\":{\"@id\":\"https:\\\/\\\/visitinari.fi\\\/fi\\\/iltaporoajelu\\\/#primaryimage\"},\"thumbnailUrl\":\"https:\\\/\\\/visitinari.fi\\\/wp-content\\\/uploads\\\/2024\\\/05\\\/53569167693_44e7bb58d8_k.jpg\",\"datePublished\":\"2024-05-15T11:56:33+00:00\",\"dateModified\":\"2026-02-26T10:11:27+00:00\",\"description\":\"Poro on valjastettu sanireen eteen ja poromiehen johdattama pororaito nytk\u00e4ytt\u00e4\u00e4 rekemme liikkeelle. Poron koparoiden napsunta tahdittaa kulkuamme mets\u00e4n siimekseen.\",\"breadcrumb\":{\"@id\":\"https:\\\/\\\/visitinari.fi\\\/fi\\\/iltaporoajelu\\\/#breadcrumb\"},\"inLanguage\":\"fi\",\"potentialAction\":[{\"@type\":\"ReadAction\",\"target\":[\"https:\\\/\\\/visitinari.fi\\\/fi\\\/iltaporoajelu\\\/\"]}]},{\"@type\":\"ImageObject\",\"inLanguage\":\"fi\",\"@id\":\"https:\\\/\\\/visitinari.fi\\\/fi\\\/iltaporoajelu\\\/#primaryimage\",\"url\":\"https:\\\/\\\/visitinari.fi\\\/wp-content\\\/uploads\\\/2024\\\/05\\\/53569167693_44e7bb58d8_k.jpg\",\"contentUrl\":\"https:\\\/\\\/visitinari.fi\\\/wp-content\\\/uploads\\\/2024\\\/05\\\/53569167693_44e7bb58d8_k.jpg\",\"width\":1080,\"height\":1080,\"caption\":\"Reindeer under green northern lights in Inari Lapland Finland during winter\"},{\"@type\":\"BreadcrumbList\",\"@id\":\"https:\\\/\\\/visitinari.fi\\\/fi\\\/iltaporoajelu\\\/#breadcrumb\",\"itemListElement\":[{\"@type\":\"ListItem\",\"position\":1,\"name\":\"Home\",\"item\":\"https:\\\/\\\/visitinari.fi\\\/fi\\\/\"},{\"@type\":\"ListItem\",\"position\":2,\"name\":\"Ilta&shy;poro&shy;ajelu\"}]},{\"@type\":\"WebSite\",\"@id\":\"https:\\\/\\\/visitinari.fi\\\/fi\\\/#website\",\"url\":\"https:\\\/\\\/visitinari.fi\\\/fi\\\/\",\"name\":\"Visit Inari, Finland, Lapland\",\"description\":\"Safaris & Accommodation\",\"publisher\":{\"@id\":\"https:\\\/\\\/visitinari.fi\\\/fi\\\/#organization\"},\"potentialAction\":[{\"@type\":\"SearchAction\",\"target\":{\"@type\":\"EntryPoint\",\"urlTemplate\":\"https:\\\/\\\/visitinari.fi\\\/fi\\\/?s={search_term_string}\"},\"query-input\":{\"@type\":\"PropertyValueSpecification\",\"valueRequired\":true,\"valueName\":\"search_term_string\"}}],\"inLanguage\":\"fi\"},{\"@type\":[\"Organization\",\"Place\"],\"@id\":\"https:\\\/\\\/visitinari.fi\\\/fi\\\/#organization\",\"name\":\"Visit Inari - Accommodation & Safaris\",\"url\":\"https:\\\/\\\/visitinari.fi\\\/\",\"logo\":{\"@type\":\"ImageObject\",\"inLanguage\":\"fi\",\"@id\":\"https:\\\/\\\/visitinari.fi\\\/fi\\\/#\\\/schema\\\/logo\\\/image\\\/\",\"url\":\"https:\\\/\\\/visitinari.fi\\\/wp-content\\\/uploads\\\/2018\\\/06\\\/Visit-Inari-Safaris-Accommodation-COLOR.png\",\"contentUrl\":\"https:\\\/\\\/visitinari.fi\\\/wp-content\\\/uploads\\\/2018\\\/06\\\/Visit-Inari-Safaris-Accommodation-COLOR.png\",\"width\":1920,\"height\":1521,\"caption\":\"Visit Inari - Accommodation & Safaris\"},\"image\":{\"@id\":\"https:\\\/\\\/visitinari.fi\\\/fi\\\/#\\\/schema\\\/logo\\\/image\\\/\"},\"sameAs\":[\"https:\\\/\\\/www.facebook.com\\\/visitinarisafaris\\\/\",\"https:\\\/\\\/www.instagram.com\\\/\"],\"telephone\":[\"+358 40 179 6069\"],\"contactPoint\":{\"@type\":\"ContactPoint\",\"telephone\":\"+358 40 179 6069\",\"email\":\"sales@visitinari.fi\"},\"email\":\"sales@visitinari.fi\",\"vatID\":\"2702265-6\"},{\"@type\":\"Person\",\"@id\":\"https:\\\/\\\/visitinari.fi\\\/fi\\\/#\\\/schema\\\/person\\\/f89ccc8cf5ccf3c62b4f3dc2ae309ebd\",\"name\":\"davas_saara\",\"image\":{\"@type\":\"ImageObject\",\"inLanguage\":\"fi\",\"@id\":\"https:\\\/\\\/visitinari.fi\\\/wp-content\\\/litespeed\\\/avatar\\\/f849348f62390ab4d6a206dcd61f5771.jpg?ver=1777281919\",\"url\":\"https:\\\/\\\/visitinari.fi\\\/wp-content\\\/litespeed\\\/avatar\\\/f849348f62390ab4d6a206dcd61f5771.jpg?ver=1777281919\",\"contentUrl\":\"https:\\\/\\\/visitinari.fi\\\/wp-content\\\/litespeed\\\/avatar\\\/f849348f62390ab4d6a206dcd61f5771.jpg?ver=1777281919\",\"caption\":\"davas_saara\"}}]}<\/script>\n<!-- \/ Yoast SEO Premium plugin. -->","yoast_head_json":{"title":"Ilta&shy;poro&shy;ajelu - Visit Inari, Suomen Lapissa","description":"Poro on valjastettu sanireen eteen ja poromiehen johdattama pororaito nytk\u00e4ytt\u00e4\u00e4 rekemme liikkeelle. Poron koparoiden napsunta tahdittaa kulkuamme mets\u00e4n siimekseen.","robots":{"index":"index","follow":"follow","max-snippet":"max-snippet:-1","max-image-preview":"max-image-preview:large","max-video-preview":"max-video-preview:-1"},"canonical":"https:\/\/visitinari.fi\/fi\/iltaporoajelu\/","og_locale":"fi_FI","og_type":"article","og_title":"Ilta&shy;poro&shy;ajelu","og_description":"Poro on valjastettu sanireen eteen ja poromiehen johdattama pororaito nytk\u00e4ytt\u00e4\u00e4 rekemme liikkeelle. Poron koparoiden napsunta tahdittaa kulkuamme mets\u00e4n siimekseen.","og_url":"https:\/\/visitinari.fi\/fi\/iltaporoajelu\/","og_site_name":"Visit Inari, Suomen Lapissa","article_publisher":"https:\/\/www.facebook.com\/visitinarisafaris\/","article_published_time":"2024-05-15T11:56:33+00:00","article_modified_time":"2026-02-26T10:11:27+00:00","og_image":[{"width":1080,"height":1080,"url":"https:\/\/visitinari.fi\/wp-content\/uploads\/2024\/05\/53569167693_44e7bb58d8_k.jpg","type":"image\/jpeg"}],"author":"davas_saara","twitter_card":"summary_large_image","twitter_misc":{"Kirjoittanut":"davas_saara","Arvioitu lukuaika":"1 minuutti"},"schema":{"@context":"https:\/\/schema.org","@graph":[{"@type":"Article","@id":"https:\/\/visitinari.fi\/fi\/iltaporoajelu\/#article","isPartOf":{"@id":"https:\/\/visitinari.fi\/fi\/iltaporoajelu\/"},"author":{"name":"davas_saara","@id":"https:\/\/visitinari.fi\/fi\/#\/schema\/person\/f89ccc8cf5ccf3c62b4f3dc2ae309ebd"},"headline":"Ilta&shy;poro&shy;ajelu","datePublished":"2024-05-15T11:56:33+00:00","dateModified":"2026-02-26T10:11:27+00:00","mainEntityOfPage":{"@id":"https:\/\/visitinari.fi\/fi\/iltaporoajelu\/"},"wordCount":101,"publisher":{"@id":"https:\/\/visitinari.fi\/fi\/#organization"},"image":{"@id":"https:\/\/visitinari.fi\/fi\/iltaporoajelu\/#primaryimage"},"thumbnailUrl":"https:\/\/visitinari.fi\/wp-content\/uploads\/2024\/05\/53569167693_44e7bb58d8_k.jpg","articleSection":["Huskyt ja porot","Revontuliretket"],"inLanguage":"fi"},{"@type":"WebPage","@id":"https:\/\/visitinari.fi\/fi\/iltaporoajelu\/","url":"https:\/\/visitinari.fi\/fi\/iltaporoajelu\/","name":"Ilta&shy;poro&shy;ajelu - Visit Inari, Suomen Lapissa","isPartOf":{"@id":"https:\/\/visitinari.fi\/fi\/#website"},"primaryImageOfPage":{"@id":"https:\/\/visitinari.fi\/fi\/iltaporoajelu\/#primaryimage"},"image":{"@id":"https:\/\/visitinari.fi\/fi\/iltaporoajelu\/#primaryimage"},"thumbnailUrl":"https:\/\/visitinari.fi\/wp-content\/uploads\/2024\/05\/53569167693_44e7bb58d8_k.jpg","datePublished":"2024-05-15T11:56:33+00:00","dateModified":"2026-02-26T10:11:27+00:00","description":"Poro on valjastettu sanireen eteen ja poromiehen johdattama pororaito nytk\u00e4ytt\u00e4\u00e4 rekemme liikkeelle. Poron koparoiden napsunta tahdittaa kulkuamme mets\u00e4n siimekseen.","breadcrumb":{"@id":"https:\/\/visitinari.fi\/fi\/iltaporoajelu\/#breadcrumb"},"inLanguage":"fi","potentialAction":[{"@type":"ReadAction","target":["https:\/\/visitinari.fi\/fi\/iltaporoajelu\/"]}]},{"@type":"ImageObject","inLanguage":"fi","@id":"https:\/\/visitinari.fi\/fi\/iltaporoajelu\/#primaryimage","url":"https:\/\/visitinari.fi\/wp-content\/uploads\/2024\/05\/53569167693_44e7bb58d8_k.jpg","contentUrl":"https:\/\/visitinari.fi\/wp-content\/uploads\/2024\/05\/53569167693_44e7bb58d8_k.jpg","width":1080,"height":1080,"caption":"Reindeer under green northern lights in Inari Lapland Finland during winter"},{"@type":"BreadcrumbList","@id":"https:\/\/visitinari.fi\/fi\/iltaporoajelu\/#breadcrumb","itemListElement":[{"@type":"ListItem","position":1,"name":"Home","item":"https:\/\/visitinari.fi\/fi\/"},{"@type":"ListItem","position":2,"name":"Ilta&shy;poro&shy;ajelu"}]},{"@type":"WebSite","@id":"https:\/\/visitinari.fi\/fi\/#website","url":"https:\/\/visitinari.fi\/fi\/","name":"Visit Inari, Finland, Lapland","description":"Safaris & Accommodation","publisher":{"@id":"https:\/\/visitinari.fi\/fi\/#organization"},"potentialAction":[{"@type":"SearchAction","target":{"@type":"EntryPoint","urlTemplate":"https:\/\/visitinari.fi\/fi\/?s={search_term_string}"},"query-input":{"@type":"PropertyValueSpecification","valueRequired":true,"valueName":"search_term_string"}}],"inLanguage":"fi"},{"@type":["Organization","Place"],"@id":"https:\/\/visitinari.fi\/fi\/#organization","name":"Visit Inari - Accommodation & Safaris","url":"https:\/\/visitinari.fi\/","logo":{"@type":"ImageObject","inLanguage":"fi","@id":"https:\/\/visitinari.fi\/fi\/#\/schema\/logo\/image\/","url":"https:\/\/visitinari.fi\/wp-content\/uploads\/2018\/06\/Visit-Inari-Safaris-Accommodation-COLOR.png","contentUrl":"https:\/\/visitinari.fi\/wp-content\/uploads\/2018\/06\/Visit-Inari-Safaris-Accommodation-COLOR.png","width":1920,"height":1521,"caption":"Visit Inari - Accommodation & Safaris"},"image":{"@id":"https:\/\/visitinari.fi\/fi\/#\/schema\/logo\/image\/"},"sameAs":["https:\/\/www.facebook.com\/visitinarisafaris\/","https:\/\/www.instagram.com\/"],"telephone":["+358 40 179 6069"],"contactPoint":{"@type":"ContactPoint","telephone":"+358 40 179 6069","email":"sales@visitinari.fi"},"email":"sales@visitinari.fi","vatID":"2702265-6"},{"@type":"Person","@id":"https:\/\/visitinari.fi\/fi\/#\/schema\/person\/f89ccc8cf5ccf3c62b4f3dc2ae309ebd","name":"davas_saara","image":{"@type":"ImageObject","inLanguage":"fi","@id":"https:\/\/visitinari.fi\/wp-content\/litespeed\/avatar\/f849348f62390ab4d6a206dcd61f5771.jpg?ver=1777281919","url":"https:\/\/visitinari.fi\/wp-content\/litespeed\/avatar\/f849348f62390ab4d6a206dcd61f5771.jpg?ver=1777281919","contentUrl":"https:\/\/visitinari.fi\/wp-content\/litespeed\/avatar\/f849348f62390ab4d6a206dcd61f5771.jpg?ver=1777281919","caption":"davas_saara"}}]}},"_links":{"self":[{"href":"https:\/\/visitinari.fi\/fi\/wp-json\/wp\/v2\/posts\/269202","targetHints":{"allow":["GET"]}}],"collection":[{"href":"https:\/\/visitinari.fi\/fi\/wp-json\/wp\/v2\/posts"}],"about":[{"href":"https:\/\/visitinari.fi\/fi\/wp-json\/wp\/v2\/types\/post"}],"author":[{"embeddable":true,"href":"https:\/\/visitinari.fi\/fi\/wp-json\/wp\/v2\/users\/2"}],"replies":[{"embeddable":true,"href":"https:\/\/visitinari.fi\/fi\/wp-json\/wp\/v2\/comments?post=269202"}],"version-history":[{"count":6,"href":"https:\/\/visitinari.fi\/fi\/wp-json\/wp\/v2\/posts\/269202\/revisions"}],"predecessor-version":[{"id":274439,"href":"https:\/\/visitinari.fi\/fi\/wp-json\/wp\/v2\/posts\/269202\/revisions\/274439"}],"wp:featuredmedia":[{"embeddable":true,"href":"https:\/\/visitinari.fi\/fi\/wp-json\/wp\/v2\/media\/270715"}],"wp:attachment":[{"href":"https:\/\/visitinari.fi\/fi\/wp-json\/wp\/v2\/media?parent=269202"}],"wp:term":[{"taxonomy":"category","embeddable":true,"href":"https:\/\/visitinari.fi\/fi\/wp-json\/wp\/v2\/categories?post=269202"},{"taxonomy":"post_tag","embeddable":true,"href":"https:\/\/visitinari.fi\/fi\/wp-json\/wp\/v2\/tags?post=269202"}],"curies":[{"name":"wp","href":"https:\/\/api.w.org\/{rel}","templated":true}]}}